{"id":155471,"date":"2025-11-25T08:34:41","date_gmt":"2025-11-25T11:34:41","guid":{"rendered":"https:\/\/vinasfm.com\/noticias\/?p=155471"},"modified":"2025-11-25T08:34:41","modified_gmt":"2025-11-25T11:34:41","slug":"alerta-meteorologica-para-el-sur-de-mendoza-posibilidad-de-tormentas-y-caida-de-granizo","status":"publish","type":"post","link":"https:\/\/vinasfm.com\/noticias\/alerta-meteorologica-para-el-sur-de-mendoza-posibilidad-de-tormentas-y-caida-de-granizo\/","title":{"rendered":"ALERTA METEOROL\u00d3GICA PARA EL SUR DE MENDOZA: POSIBILIDAD DE TORMENTAS Y CA\u00cdDA DE GRANIZO"},"content":{"rendered":"<h4><span style=\"color: #003300;\"><strong>El Servicio Meteorol\u00f3gico Nacional (SMN) emiti\u00f3 este martes 25 de noviembre una alerta amarilla por actividad convectiva que afectar\u00e1 principalmente a la franja Oeste de la provincia, con especial incidencia en la zona baja de Malarg\u00fce, donde se esperan tormentas durante la tarde y posible ca\u00edda de granizo.<\/strong><\/span><\/h4>\n<p>La<strong> Direcci\u00f3n de Defensa Civil de Mendoza<\/strong> inform\u00f3 a las 07:00 que las condiciones atmosf\u00e9ricas favorecer\u00e1n el desarrollo de tormentas aisladas, algunas localmente fuertes, por lo que recomiendan a la poblaci\u00f3n mantenerse informada y tomar las precauciones necesarias.<\/p>\n<p><a href=\"https:\/\/vinasfm.com\/noticias\/wp-content\/uploads\/2025\/11\/IMG-20251125-WA0002.jpg\"><img loading=\"lazy\" decoding=\"async\" class=\"wp-image-155472 aligncenter\" src=\"https:\/\/vinasfm.com\/noticias\/wp-content\/uploads\/2025\/11\/IMG-20251125-WA0002.jpg\" alt=\"\" width=\"499\" height=\"505\" srcset=\"https:\/\/vinasfm.com\/noticias\/wp-content\/uploads\/2025\/11\/IMG-20251125-WA0002.jpg 717w, https:\/\/vinasfm.com\/noticias\/wp-content\/uploads\/2025\/11\/IMG-20251125-WA0002-296x300.jpg 296w\" sizes=\"auto, (max-width: 499px) 100vw, 499px\" \/><\/a><\/p>\n<h3>Zonas afectadas<\/h3>\n<p>De acuerdo con el mapa de alertas del SMN, la advertencia alcanza a:<\/p>\n<ul>\n<li><strong>Zona baja de Malarg\u00fce<\/strong>, donde se prev\u00e9n fen\u00f3menos asociados a tormentas y posible granizo.<\/li>\n<li>Sectores del <strong>sur provincial<\/strong>, especialmente en \u00e1reas cercanas al l\u00edmite con Neuqu\u00e9n, donde tambi\u00e9n se encuentra activa la se\u00f1al de \u201cinformate\u201d.<\/li>\n<\/ul>\n<p>El resto de Mendoza permanece sin alertas meteorol\u00f3gicas significativas.<\/p>\n<h3>Recomendaciones de Defensa Civil<\/h3>\n<p>Ante estas condiciones, se solicita a la poblaci\u00f3n:<\/p>\n<ul>\n<li>Evitar actividades al aire libre durante el desarrollo de tormentas.<\/li>\n<li>No refugiarse bajo \u00e1rboles.<\/li>\n<li>Resguardar veh\u00edculos para prevenir da\u00f1os por granizo.<\/li>\n<li>Mantenerse atento a los reportes oficiales en canales provinciales y del SMN.<\/li>\n<\/ul>\n<p>El alerta est\u00e1 vigente hasta las <strong>00:00 del 26 de noviembre<\/strong>, momento en el que se emitir\u00e1 una nueva actualizaci\u00f3n. Autoridades recomiendan seguir los informes en tiempo real a trav\u00e9s del Sistema de Alerta Temprana del SMN.<\/p>\n<p><a href=\"https:\/\/vinasfm.com\/noticias\/wp-content\/uploads\/2025\/11\/IMG-20251125-WA0010.jpg\"><img loading=\"lazy\" decoding=\"async\" class=\"alignnone  wp-image-155473\" src=\"https:\/\/vinasfm.com\/noticias\/wp-content\/uploads\/2025\/11\/IMG-20251125-WA0010-1024x723.jpg\" alt=\"\" width=\"1024\" height=\"723\" srcset=\"https:\/\/vinasfm.com\/noticias\/wp-content\/uploads\/2025\/11\/IMG-20251125-WA0010-1024x723.jpg 1024w, https:\/\/vinasfm.com\/noticias\/wp-content\/uploads\/2025\/11\/IMG-20251125-WA0010-300x212.jpg 300w, https:\/\/vinasfm.com\/noticias\/wp-content\/uploads\/2025\/11\/IMG-20251125-WA0010-768x542.jpg 768w, https:\/\/vinasfm.com\/noticias\/wp-content\/uploads\/2025\/11\/IMG-20251125-WA0010-1536x1085.jpg 1536w, https:\/\/vinasfm.com\/noticias\/wp-content\/uploads\/2025\/11\/IMG-20251125-WA0010.jpg 1600w\" sizes=\"auto, (max-width: 1024px) 100vw, 1024px\" \/><\/a><\/p>\n","protected":false},"excerpt":{"rendered":"<p>El Servicio Meteorol\u00f3gico Nacional (SMN) emiti\u00f3 este martes 25 de noviembre una alerta amarilla por actividad convectiva que afectar\u00e1 principalmente a &#8230;<\/p>\n","protected":false},"author":7,"featured_media":155476,"comment_status":"open","ping_status":"open","sticky":false,"template":"","format":"standard","meta":{"footnotes":""},"categories":[1],"tags":[],"class_list":["post-155471","post","type-post","status-publish","format-standard","has-post-thumbnail","hentry","category-fmvinas"],"_links":{"self":[{"href":"https:\/\/vinasfm.com\/noticias\/wp-json\/wp\/v2\/posts\/155471","targetHints":{"allow":["GET"]}}],"collection":[{"href":"https:\/\/vinasfm.com\/noticias\/wp-json\/wp\/v2\/posts"}],"about":[{"href":"https:\/\/vinasfm.com\/noticias\/wp-json\/wp\/v2\/types\/post"}],"author":[{"embeddable":true,"href":"https:\/\/vinasfm.com\/noticias\/wp-json\/wp\/v2\/users\/7"}],"replies":[{"embeddable":true,"href":"https:\/\/vinasfm.com\/noticias\/wp-json\/wp\/v2\/comments?post=155471"}],"version-history":[{"count":2,"href":"https:\/\/vinasfm.com\/noticias\/wp-json\/wp\/v2\/posts\/155471\/revisions"}],"predecessor-version":[{"id":155477,"href":"https:\/\/vinasfm.com\/noticias\/wp-json\/wp\/v2\/posts\/155471\/revisions\/155477"}],"wp:featuredmedia":[{"embeddable":true,"href":"https:\/\/vinasfm.com\/noticias\/wp-json\/wp\/v2\/media\/155476"}],"wp:attachment":[{"href":"https:\/\/vinasfm.com\/noticias\/wp-json\/wp\/v2\/media?parent=155471"}],"wp:term":[{"taxonomy":"category","embeddable":true,"href":"https:\/\/vinasfm.com\/noticias\/wp-json\/wp\/v2\/categories?post=155471"},{"taxonomy":"post_tag","embeddable":true,"href":"https:\/\/vinasfm.com\/noticias\/wp-json\/wp\/v2\/tags?post=155471"}],"curies":[{"name":"wp","href":"https:\/\/api.w.org\/{rel}","templated":true}]}}