{"id":155423,"date":"2025-11-24T08:25:39","date_gmt":"2025-11-24T11:25:39","guid":{"rendered":"https:\/\/vinasfm.com\/noticias\/?p=155423"},"modified":"2025-11-24T08:25:39","modified_gmt":"2025-11-24T11:25:39","slug":"fin-de-semana-xl-con-balance-turistico-positivo-para-mendoza","status":"publish","type":"post","link":"https:\/\/vinasfm.com\/noticias\/fin-de-semana-xl-con-balance-turistico-positivo-para-mendoza\/","title":{"rendered":"FIN DE SEMANA XL CON BALANCE TUR\u00cdSTICO POSITIVO PARA MENDOZA"},"content":{"rendered":"<h4 class=\"wp-block-heading\"><span style=\"color: #003300;\"><strong>Con excelentes condiciones clim\u00e1ticas y \u00abmansas\u00bb promociones, mendocinos y turistas disfrutaron de la naturaleza y de una intensa agenda de actividades, siendo el nuestro, seg\u00fan los informes nacionales, uno de los destinos m\u00e1s elegidos del pa\u00eds.<\/strong><\/span><\/h4>\n<p>Con un promedio provincial de ocupaci\u00f3n del 82%, Mendoza super\u00f3 los \u00edndices del mismo fin de semana de 2024, que tambi\u00e9n fue de 4 d\u00edas.<\/p>\n<p>Cabe recordar que el 20 de noviembre es feriado en Argentina, en conmemoraci\u00f3n del D\u00eda de la Soberan\u00eda Nacional. Este d\u00eda es un feriado trasladable y, seg\u00fan la ley de feriados 27.399\/17, corresponde pasarlo al lunes 24. <strong>Adem\u00e1s, la misma ley le otorga al Poder Ejecutivo la posibilidad de utilizar 3 d\u00ecas no laborales para hacer \u201cpuente\u201d o extender fines de semana, que terminan siendo extra largos, como en este caso, lo que beneficia mucho el movimiento de turismo interno, tal como puede observarse en muchos destinos argentinos.<\/strong><\/p>\n<p>En Mendoza, el crecimiento con respecto al mismo fin de semana del a\u00f1o anterior fue de 7 puntos porcentuales.<strong> En 2024 la ocupaci\u00f3n fue de 75% y este a\u00f1o ascendi\u00f3 al 82%, siendo uno de los mejores fines de semana del a\u00f1o, con m\u00e1s de 67.000 visitantes, sumados los que se alojan en casa de parientes o amigos.<\/strong><\/p>\n<p>Durante este fin de semana largo se destacaron el \u00e1rea metropolitana con el 87% de ocupaci\u00f3n y San Rafael ,con el 90%; mientras el resto de las zonas oscilaron entre el 65 y el 75%.<\/p>\n<p><em><strong>\u201cEn un contexto econ\u00f3mico complejo para el turismo nacional, el crecimiento de la demanda de este fin de semana no es un hecho aislado, esta primavera ha sido muy buena en materia tur\u00edstica, ya sea por el movimiento generado por el turismo MICE como por los viajes en grupos, entre los que se destaca San Rafael, que capta el segmento escolar\u201d<\/strong><\/em>, analiz\u00f3 <span style=\"color: #003366;\"><strong>Gabriela Testa<\/strong><\/span>, <em>presidenta del Ente Mendoza Turismo.<\/em><\/p>\n<p>La funcionaria agreg\u00f3 que<strong><em> \u201cla fluida conectividad a\u00e9rea y terrestre y el esfuerzo p\u00fablico \u2013 privado en participar en ferias y encuentros de comercializaci\u00f3n, atenci\u00f3n de periodistas y operadores tur\u00edsticos de mercados nacionales e internacionales, contribuye a este crecimiento. La campa\u00f1a publicitaria de la provincia colabora para que la marca Mendoza est\u00e9 instalada en la mente del consumidor y el aporte del sector privado que se ha sumado a las campa\u00f1as Manso Men\u00fa, Mansa Bodega y Manso alojamiento, ha sido determinante en la mejora de performance de esta temporada primaveral\u201d.<\/em><\/strong><\/p>\n<p>El fin de semana dej\u00f3 un importante aporte econ\u00f3mico para la provincia de Mendoza. Durante estos cuatro d\u00edas, la provincia recibi\u00f3 67.150 turistas, quienes generaron un ingreso de m\u00e1s de $18.000 millones. Este c\u00e1lculo considera una estad\u00eda promedio de 3 d\u00edas y un gasto diario de $89.000 por persona, lo que subraya la significativa inyecci\u00f3n de capital en la econom\u00eda local.<\/p>\n<p>Provincia de Buenos Aires, CABA, C\u00f3rdoba, Santa Fe y las provincias lim\u00edtrofes fueron las principales emisoras de turistas para Mendoza este finde largo. A estos mercados hay que sumarle los extranjeros que se encuentran visitando Mendoza por otras motivaciones.<\/p>\n<p><strong>Como es habitual en estos periodos de descanso, tambi\u00e9n se genera turismo interno, el que es alimentado por la agenda de eventos y visitas familiares.<\/strong><\/p>\n<p>Los \u00faltimos fines de semana largos del 2025 ser\u00e1n en diciembre, por los feriados del viernes 8 de diciembre, en conmemoraci\u00f3n del D\u00eda de la Inmaculada Concepci\u00f3n de Mar\u00eda y del 25, en el que la celebraci\u00f3n navide\u00f1a generar\u00e1 una l\u00f3gica de movimientos y traslados que obedecen tanto a la escapada como a la reuni\u00f3n familiar.<\/p>\n<p><a href=\"https:\/\/vinasfm.com\/noticias\/wp-content\/uploads\/2025\/11\/9C4A9416-980x653-1.jpg\"><img loading=\"lazy\" decoding=\"async\" class=\"alignnone size-full wp-image-155424\" src=\"https:\/\/vinasfm.com\/noticias\/wp-content\/uploads\/2025\/11\/9C4A9416-980x653-1.jpg\" alt=\"\" width=\"980\" height=\"653\" srcset=\"https:\/\/vinasfm.com\/noticias\/wp-content\/uploads\/2025\/11\/9C4A9416-980x653-1.jpg 980w, https:\/\/vinasfm.com\/noticias\/wp-content\/uploads\/2025\/11\/9C4A9416-980x653-1-300x200.jpg 300w, https:\/\/vinasfm.com\/noticias\/wp-content\/uploads\/2025\/11\/9C4A9416-980x653-1-768x512.jpg 768w\" sizes=\"auto, (max-width: 980px) 100vw, 980px\" \/><\/a><\/p>\n<h2><strong>Propuestas para todos los gustos<\/strong><\/h2>\n<p>Adem\u00e1s de las actividades relacionadas al enogastroturismo y a la naturaleza, Mendoza ofreci\u00f3 una variada agenda de actividades, que disfrutaron mendocinos y turistas.<\/p>\n<p>Mendoza ofreci\u00f3 una intensa y variada agenda cultural durante el fin de semana XL, convirti\u00e9ndose en uno de los principales atractivos para mendocinos y turistas.<strong> La provincia combin\u00f3 celebraciones tradicionales, festivales, muestras art\u00edsticas y propuestas esc\u00e9nicas que impulsaron el movimiento cultural y tur\u00edstico en cada uno de los departamentos.<\/strong><\/p>\n<p><strong>Entre los eventos m\u00e1s destacados se desarroll\u00f3 la Fiesta del Turism<\/strong>o, que convoc\u00f3 a cientos de visitantes con espect\u00e1culos, propuestas gastron\u00f3micas y actividades vinculadas a la promoci\u00f3n del destino. <strong>Tambi\u00e9n tuvo lugar una nueva edici\u00f3n de Vino al Cine<\/strong>, que fusion\u00f3 el s\u00e9ptimo arte con la cultura vitivin\u00edcola, consolid\u00e1ndose como una experiencia singular y muy valorada por el p\u00fablico.<\/p>\n<p>La m\u00fasica tuvo un lugar central, con la realizaci\u00f3n del <strong>Mendoza Sax Fest, un encuentro que reuni\u00f3 a m\u00fasicos locales, nacionales e internacionales en conciertos, cl\u00ednicas y presentaciones especiales.<\/strong> A ello se sumaron espect\u00e1culos musicales en distintos espacios culturales y salas de la provincia.<\/p>\n<p>Como cada a\u00f1o, <strong>las vendimias distritales comenzaron a desplegarse en diversos departamentos<\/strong>, celebrando las tradiciones, el trabajo agr\u00edcola y la identidad cultural mendocina, en el marco de la previa hacia la pr\u00f3xima Fiesta Nacional de la Vendimia.<\/p>\n<p>Las artes visuales tambi\u00e9n fueron protagonistas con importantes muestras en museos y galer\u00edas, que ofrecieron recorridos por obras contempor\u00e1neas, patrimonio local y exposiciones colectivas.<\/p>\n<p>En paralelo, se desarrollaron propuestas teatrales, espect\u00e1culos de danza, intervenciones literarias y actividades para todo p\u00fablico, reafirmando el dinamismo cultural que caracteriza a la provincia.<\/p>\n<p>Con una agenda diversa, plural y de calidad, Mendoza volvi\u00f3 a demostrar su potencia como destino cultural, posicion\u00e1ndose como un punto de encuentro para el arte, las tradiciones y la creatividad durante este fin de semana largo.<\/p>\n","protected":false},"excerpt":{"rendered":"<p>Con excelentes condiciones clim\u00e1ticas y \u00abmansas\u00bb promociones, mendocinos y turistas disfrutaron de la naturaleza y de una intensa agenda de actividades, &#8230;<\/p>\n","protected":false},"author":7,"featured_media":155425,"comment_status":"open","ping_status":"open","sticky":false,"template":"","format":"standard","meta":{"footnotes":""},"categories":[1],"tags":[],"class_list":["post-155423","post","type-post","status-publish","format-standard","has-post-thumbnail","hentry","category-fmvinas"],"_links":{"self":[{"href":"https:\/\/vinasfm.com\/noticias\/wp-json\/wp\/v2\/posts\/155423","targetHints":{"allow":["GET"]}}],"collection":[{"href":"https:\/\/vinasfm.com\/noticias\/wp-json\/wp\/v2\/posts"}],"about":[{"href":"https:\/\/vinasfm.com\/noticias\/wp-json\/wp\/v2\/types\/post"}],"author":[{"embeddable":true,"href":"https:\/\/vinasfm.com\/noticias\/wp-json\/wp\/v2\/users\/7"}],"replies":[{"embeddable":true,"href":"https:\/\/vinasfm.com\/noticias\/wp-json\/wp\/v2\/comments?post=155423"}],"version-history":[{"count":1,"href":"https:\/\/vinasfm.com\/noticias\/wp-json\/wp\/v2\/posts\/155423\/revisions"}],"predecessor-version":[{"id":155426,"href":"https:\/\/vinasfm.com\/noticias\/wp-json\/wp\/v2\/posts\/155423\/revisions\/155426"}],"wp:featuredmedia":[{"embeddable":true,"href":"https:\/\/vinasfm.com\/noticias\/wp-json\/wp\/v2\/media\/155425"}],"wp:attachment":[{"href":"https:\/\/vinasfm.com\/noticias\/wp-json\/wp\/v2\/media?parent=155423"}],"wp:term":[{"taxonomy":"category","embeddable":true,"href":"https:\/\/vinasfm.com\/noticias\/wp-json\/wp\/v2\/categories?post=155423"},{"taxonomy":"post_tag","embeddable":true,"href":"https:\/\/vinasfm.com\/noticias\/wp-json\/wp\/v2\/tags?post=155423"}],"curies":[{"name":"wp","href":"https:\/\/api.w.org\/{rel}","templated":true}]}}