{"id":155420,"date":"2025-11-23T08:14:21","date_gmt":"2025-11-23T11:14:21","guid":{"rendered":"https:\/\/vinasfm.com\/noticias\/?p=155420"},"modified":"2025-11-24T10:30:59","modified_gmt":"2025-11-24T13:30:59","slug":"forzaron-un-automovil-y-sustrajeron-una-rinonera-con-documentacion","status":"publish","type":"post","link":"https:\/\/vinasfm.com\/noticias\/forzaron-un-automovil-y-sustrajeron-una-rinonera-con-documentacion\/","title":{"rendered":"FORZARON UN AUTOM\u00d3VIL Y SUSTRAJERON UNA RI\u00d1ONERA CON DOCUMENTACI\u00d3N"},"content":{"rendered":"<h4><strong><span style=\"color: #003300;\">En horas de la madrugada de este domingo, a las 00:36, se registr\u00f3 un robo en la v\u00eda p\u00fablica de General Alvear, bajo jurisdicci\u00f3n de la Comisar\u00eda 14\u00b0.<\/span><\/strong><\/h4>\n<p>La v\u00edctima, identificada como Andrea O. (54), denunci\u00f3 que, durante la noche<strong>, hab\u00eda dejado estacionado su veh\u00edculo particular, un Renault Clio, totalmente cerrado, sobre calle Paso de los Andes al 71.<\/strong> Al regresar, <strong>constat\u00f3 que personas desconocidas hab\u00edan violentado el vidrio de la ventanilla trasera derecha.<\/strong><\/p>\n<p>Los autores<strong> sustrajeron una ri\u00f1onera que conten\u00eda la licencia de conducir y documentaci\u00f3n personal, para luego darse a la fuga.<\/strong><\/p>\n<p>La Oficina Fiscal de General Alvear qued\u00f3 a cargo de las actuaciones correspondientes, mientras se investigan los hechos para dar con los responsables.<\/p>\n","protected":false},"excerpt":{"rendered":"<p>En horas de la madrugada de este domingo, a las 00:36, se registr\u00f3 un robo en la v\u00eda p\u00fablica de General &#8230;<\/p>\n","protected":false},"author":7,"featured_media":101629,"comment_status":"open","ping_status":"open","sticky":false,"template":"","format":"standard","meta":{"footnotes":""},"categories":[5],"tags":[],"class_list":["post-155420","post","type-post","status-publish","format-standard","has-post-thumbnail","hentry","category-actualidad"],"_links":{"self":[{"href":"https:\/\/vinasfm.com\/noticias\/wp-json\/wp\/v2\/posts\/155420","targetHints":{"allow":["GET"]}}],"collection":[{"href":"https:\/\/vinasfm.com\/noticias\/wp-json\/wp\/v2\/posts"}],"about":[{"href":"https:\/\/vinasfm.com\/noticias\/wp-json\/wp\/v2\/types\/post"}],"author":[{"embeddable":true,"href":"https:\/\/vinasfm.com\/noticias\/wp-json\/wp\/v2\/users\/7"}],"replies":[{"embeddable":true,"href":"https:\/\/vinasfm.com\/noticias\/wp-json\/wp\/v2\/comments?post=155420"}],"version-history":[{"count":1,"href":"https:\/\/vinasfm.com\/noticias\/wp-json\/wp\/v2\/posts\/155420\/revisions"}],"predecessor-version":[{"id":155421,"href":"https:\/\/vinasfm.com\/noticias\/wp-json\/wp\/v2\/posts\/155420\/revisions\/155421"}],"wp:featuredmedia":[{"embeddable":true,"href":"https:\/\/vinasfm.com\/noticias\/wp-json\/wp\/v2\/media\/101629"}],"wp:attachment":[{"href":"https:\/\/vinasfm.com\/noticias\/wp-json\/wp\/v2\/media?parent=155420"}],"wp:term":[{"taxonomy":"category","embeddable":true,"href":"https:\/\/vinasfm.com\/noticias\/wp-json\/wp\/v2\/categories?post=155420"},{"taxonomy":"post_tag","embeddable":true,"href":"https:\/\/vinasfm.com\/noticias\/wp-json\/wp\/v2\/tags?post=155420"}],"curies":[{"name":"wp","href":"https:\/\/api.w.org\/{rel}","templated":true}]}}