{"id":155410,"date":"2025-11-24T08:13:05","date_gmt":"2025-11-24T11:13:05","guid":{"rendered":"https:\/\/vinasfm.com\/noticias\/?p=155410"},"modified":"2025-11-24T10:48:31","modified_gmt":"2025-11-24T13:48:31","slug":"familias-artesanos-y-cerveceros-se-reunieron-en-una-jornada-solidaria-en-el-paseo-del-artesano","status":"publish","type":"post","link":"https:\/\/vinasfm.com\/noticias\/familias-artesanos-y-cerveceros-se-reunieron-en-una-jornada-solidaria-en-el-paseo-del-artesano\/","title":{"rendered":"FAMILIAS, ARTESANOS Y CERVECEROS SE REUNIERON EN UNA JORNADA SOLIDARIA EN EL PASEO DEL ARTESANO"},"content":{"rendered":"<p><span style=\"color: #003300;\"><strong>La Secretar\u00eda de Desarrollo de la Municipalidad de General Alvear realiz\u00f3 este s\u00e1bado por la noche una actividad en el Paseo de los Artesanos, en el marco del D\u00eda Internacional de la Mujer Emprendedora. La propuesta reuni\u00f3 a cerveceros alvearenses, artesanos y familias que disfrutaron de m\u00fasica en vivo y distintas expresiones culturales.<\/strong><\/span><\/p>\n<p>Como acci\u00f3n solidaria, se intercambi\u00f3 una pinta de cerveza artesanal por un alimento no perecedero destinado a la Direcci\u00f3n de Familia. <span style=\"color: #003366;\"><strong>Mariela Carduz<\/strong><\/span>, <em>del \u00c1rea de Econom\u00eda Social<\/em>, destac\u00f3 el acompa\u00f1amiento del p\u00fablico y el trabajo conjunto con los cerveceros, adem\u00e1s del reconocimiento que se realiz\u00f3 a una emprendedora local.<\/p>\n<p>La homenajeada, <strong><span style=\"color: #003366;\">Claudia Emili<\/span><\/strong> (HomeArt), agradeci\u00f3 el gesto y valor\u00f3 la posibilidad de mostrar su trabajo. <strong>Cont\u00f3 que inici\u00f3 su emprendimiento tras la pandemia y que hoy se dedica a la cer\u00e1mica y otras t\u00e9cnicas artesanales, resaltando la colaboraci\u00f3n entre quienes integran el paseo.<\/strong><\/p>\n<p>La jornada dej\u00f3 en evidencia el impulso al talento local y la importancia de seguir generando espacios que fortalezcan a emprendedores y productores del departamento.<\/p>\n<p><a href=\"https:\/\/vinasfm.com\/noticias\/wp-content\/uploads\/2025\/11\/IMG-20251123-WA0017.jpg\"><img loading=\"lazy\" decoding=\"async\" class=\"alignnone size-large wp-image-155412\" src=\"https:\/\/vinasfm.com\/noticias\/wp-content\/uploads\/2025\/11\/IMG-20251123-WA0017-1024x682.jpg\" alt=\"\" width=\"1024\" height=\"682\" srcset=\"https:\/\/vinasfm.com\/noticias\/wp-content\/uploads\/2025\/11\/IMG-20251123-WA0017-1024x682.jpg 1024w, https:\/\/vinasfm.com\/noticias\/wp-content\/uploads\/2025\/11\/IMG-20251123-WA0017-300x200.jpg 300w, https:\/\/vinasfm.com\/noticias\/wp-content\/uploads\/2025\/11\/IMG-20251123-WA0017-768x512.jpg 768w, https:\/\/vinasfm.com\/noticias\/wp-content\/uploads\/2025\/11\/IMG-20251123-WA0017-1536x1023.jpg 1536w, https:\/\/vinasfm.com\/noticias\/wp-content\/uploads\/2025\/11\/IMG-20251123-WA0017.jpg 1600w\" sizes=\"auto, (max-width: 1024px) 100vw, 1024px\" \/><\/a> <a href=\"https:\/\/vinasfm.com\/noticias\/wp-content\/uploads\/2025\/11\/IMG-20251123-WA0012.jpg\"><img loading=\"lazy\" decoding=\"async\" class=\"alignnone size-large wp-image-155414\" src=\"https:\/\/vinasfm.com\/noticias\/wp-content\/uploads\/2025\/11\/IMG-20251123-WA0012-1024x682.jpg\" alt=\"\" width=\"1024\" height=\"682\" srcset=\"https:\/\/vinasfm.com\/noticias\/wp-content\/uploads\/2025\/11\/IMG-20251123-WA0012-1024x682.jpg 1024w, https:\/\/vinasfm.com\/noticias\/wp-content\/uploads\/2025\/11\/IMG-20251123-WA0012-300x200.jpg 300w, https:\/\/vinasfm.com\/noticias\/wp-content\/uploads\/2025\/11\/IMG-20251123-WA0012-768x512.jpg 768w, https:\/\/vinasfm.com\/noticias\/wp-content\/uploads\/2025\/11\/IMG-20251123-WA0012-1536x1023.jpg 1536w, https:\/\/vinasfm.com\/noticias\/wp-content\/uploads\/2025\/11\/IMG-20251123-WA0012.jpg 1600w\" sizes=\"auto, (max-width: 1024px) 100vw, 1024px\" \/><\/a><\/p>\n","protected":false},"excerpt":{"rendered":"<p>La Secretar\u00eda de Desarrollo de la Municipalidad de General Alvear realiz\u00f3 este s\u00e1bado por la noche una actividad en el Paseo &#8230;<\/p>\n","protected":false},"author":7,"featured_media":155413,"comment_status":"open","ping_status":"open","sticky":false,"template":"","format":"standard","meta":{"footnotes":""},"categories":[5,11],"tags":[],"class_list":["post-155410","post","type-post","status-publish","format-standard","has-post-thumbnail","hentry","category-actualidad","category-sociales"],"_links":{"self":[{"href":"https:\/\/vinasfm.com\/noticias\/wp-json\/wp\/v2\/posts\/155410","targetHints":{"allow":["GET"]}}],"collection":[{"href":"https:\/\/vinasfm.com\/noticias\/wp-json\/wp\/v2\/posts"}],"about":[{"href":"https:\/\/vinasfm.com\/noticias\/wp-json\/wp\/v2\/types\/post"}],"author":[{"embeddable":true,"href":"https:\/\/vinasfm.com\/noticias\/wp-json\/wp\/v2\/users\/7"}],"replies":[{"embeddable":true,"href":"https:\/\/vinasfm.com\/noticias\/wp-json\/wp\/v2\/comments?post=155410"}],"version-history":[{"count":2,"href":"https:\/\/vinasfm.com\/noticias\/wp-json\/wp\/v2\/posts\/155410\/revisions"}],"predecessor-version":[{"id":155419,"href":"https:\/\/vinasfm.com\/noticias\/wp-json\/wp\/v2\/posts\/155410\/revisions\/155419"}],"wp:featuredmedia":[{"embeddable":true,"href":"https:\/\/vinasfm.com\/noticias\/wp-json\/wp\/v2\/media\/155413"}],"wp:attachment":[{"href":"https:\/\/vinasfm.com\/noticias\/wp-json\/wp\/v2\/media?parent=155410"}],"wp:term":[{"taxonomy":"category","embeddable":true,"href":"https:\/\/vinasfm.com\/noticias\/wp-json\/wp\/v2\/categories?post=155410"},{"taxonomy":"post_tag","embeddable":true,"href":"https:\/\/vinasfm.com\/noticias\/wp-json\/wp\/v2\/tags?post=155410"}],"curies":[{"name":"wp","href":"https:\/\/api.w.org\/{rel}","templated":true}]}}