{"id":155404,"date":"2025-11-22T10:47:22","date_gmt":"2025-11-22T13:47:22","guid":{"rendered":"https:\/\/vinasfm.com\/noticias\/?p=155404"},"modified":"2025-11-24T10:07:04","modified_gmt":"2025-11-24T13:07:04","slug":"jorge-porta-fue-nominado-a-los-martin-fierro-de-cable-por-abriendo-pista","status":"publish","type":"post","link":"https:\/\/vinasfm.com\/noticias\/jorge-porta-fue-nominado-a-los-martin-fierro-de-cable-por-abriendo-pista\/","title":{"rendered":"JORGE PORTA FUE NOMINADO A LOS MART\u00cdN FIERRO DE CABLE POR \u201cABRIENDO PISTA"},"content":{"rendered":"<h4><span style=\"color: #003300;\"><strong>El comunicador alvearense Jorge Porta fue nominado a los Premios Mart\u00edn Fierro de Cable 2025 en la categor\u00eda Mejor Programa de Deporte Extremo por el ciclo \u201cAbriendo Pista\u201d, que se emite en Argentina por DEPORTV y en toda Am\u00e9rica a trav\u00e9s de PX Sports. La terna incluye adem\u00e1s a <em>Argentina Xtreme<\/em>, <em>Surf &amp; Rock<\/em> y <em>Winter News<\/em>.<\/strong><\/span><\/h4>\n<p>En di\u00e1logo con <span style=\"color: #993366;\"><strong>FM VI\u00d1AS<\/strong><\/span>, Porta expres\u00f3 su emoci\u00f3n por el reconocimiento: <strong><em>\u201cEs una alegr\u00eda linda, un mimo a tantos a\u00f1os de trabajo. No esperaba esta nominaci\u00f3n. Desde el interior uno sue\u00f1a con estas cosas, pero muchas veces siente que no van a llegar\u201d<\/em>.<\/strong><\/p>\n<h3>Una carrera forjada desde el interior<\/h3>\n<p>Durante la entrevista, Porta repas\u00f3 su trayectoria profesional, que comenz\u00f3 en el a\u00f1o 2000 mientras a\u00fan estudiaba la carrera de Publicidad:<strong> \u201cSiempre intent\u00e9 vincular las estrategias comunicacionales con la realizaci\u00f3n audiovisual. Es un mundo que me motiva y que me dio la posibilidad de viajar, aprender y crecer\u201d.<\/strong><\/p>\n<p>Trabaj\u00f3 en C\u00f3rdoba (Canal 10 y ShowSport) y luego en Mendoza, donde integr\u00f3 el reconocido programa <strong>Punto Extremo<\/strong>, en una \u00e9poca sin drones ni c\u00e1maras de acci\u00f3n:<strong> \u201c\u00c9ramos nosotros las GoPro. Ah\u00ed adquirimos experiencia t\u00e9cnica que nos acompa\u00f1\u00f3 toda la vida\u201d.<\/strong><\/p>\n<p>A\u00f1os despu\u00e9s, aprovechando los primeros sistemas de env\u00edo online de material audiovisual, se radic\u00f3 en Europa. Desde all\u00ed gener\u00f3 contenidos para cadenas deportivas internacionales y cubri\u00f3 grandes eventos:<br \/>\n<strong><em>\u201cHice cinco Champions, Roland Garros, Juegos Ol\u00edmpicos, Panamericanos. Estuve en la elite de lo que puede aspirar un realizador audiovisual deportivo\u201d<\/em>.<\/strong><\/p>\n<p><img loading=\"lazy\" decoding=\"async\" class=\"aligncenter\" src=\"https:\/\/scontent.fmdz10-1.fna.fbcdn.net\/v\/t39.30808-6\/499529285_10236896783864529_7547657416217443535_n.jpg?_nc_cat=107&amp;ccb=1-7&amp;_nc_sid=833d8c&amp;_nc_eui2=AeHwt6YInq5VIrFEgXvm2lnmzF3fuCerrqzMXd-4J6uurGqugJxcirlCr77WDETim2v83mLYV4B3UDaqbb6F3R1t&amp;_nc_ohc=QmcUyTKxawcQ7kNvwEoVYbB&amp;_nc_oc=AdnHTXhOhV1rUkCAaiE6TOib_Q891wZUsapCFqI3Lc-cwqoFCqE1xS9wBXthSPJZ4TM&amp;_nc_zt=23&amp;_nc_ht=scontent.fmdz10-1.fna&amp;_nc_gid=2prMHWbnkC7RrG1vEeouLg&amp;oh=00_Afgj9or3iBauZNYz4t3ikg6v-eOphz8yHMnE8sO6x067Iw&amp;oe=6927A357\" alt=\"No hay ninguna descripci\u00f3n de la foto disponible.\" width=\"555\" height=\"417\" \/><\/p>\n<h3>La vuelta a Argentina y el renacer de \u201cAbriendo Pista\u201d<\/h3>\n<p>Tras su paso por la gesti\u00f3n municipal como jefe de prensa del exintendente Walther Marcolini, Porta regres\u00f3 a la actividad privada: <strong>\u201cRetom\u00e9 contactos y las puertas volvieron a abrirse. Con Cristian Su\u00e1rez fortalecimos \u2018Abriendo Pista\u2019, que hoy se ve desde Alaska hasta Ushuaia\u201d.<\/strong><\/p>\n<p>El programa se consolid\u00f3 cubriendo competencias de <strong>rally raid<\/strong>, viajes por Sudam\u00e9rica y recientemente los \u00faltimos Dakar.<\/p>\n<p>Actualmente Porta tambi\u00e9n trabaja junto en el programa <strong>Modo Selfie<\/strong>, aportando a la producci\u00f3n ejecutiva y recorriendo destinos tur\u00edsticos del pa\u00eds: <strong><em>\u201cHemos logrado una forma de comunicar que vincula gobiernos y privados para mostrar lo mejor de cada lugar. Esto no termina ac\u00e1, hay muchos proyectos para el 2026\u201d<\/em>.<\/strong><\/p>\n<h3>Expectativa rumbo a la gala<\/h3>\n<p>La entrega de los Mart\u00edn Fierro de Cable 2025 se realizar\u00e1 el <strong>27 de noviembre<\/strong>.<br \/>\nPorta, sin embargo, siente que el objetivo ya est\u00e1 cumplido: <strong><em>\u201cYa ganamos. Gracias APTRA por este reconocimiento. Es un sue\u00f1o para quienes trabajamos desde el interior del interior. Siempre se puede: profesionalismo, honestidad y constancia. Esa es la clave\u201d<\/em>.<\/strong><\/p>\n<p><img decoding=\"async\" src=\"https:\/\/scontent.fmdz10-1.fna.fbcdn.net\/v\/t39.30808-6\/586430657_10239659242804276_7361226595353218264_n.jpg?_nc_cat=100&amp;ccb=1-7&amp;_nc_sid=833d8c&amp;_nc_eui2=AeEf8EIjrhO-y4UgOShti7ZF7Op2XUCViUzs6nZdQJWJTJMTDoqVEjlVGxT9Vpv-F_3MEc9JUDOWBif_xC7TUT39&amp;_nc_ohc=YNhSndFXrrgQ7kNvwGd36yp&amp;_nc_oc=AdkuJQkvDzGbiTJA1fh3Hq1bx7jJ1hEjvjW5Fi2Y97yZWQApKWil-kLxRFXztlrXBNE&amp;_nc_zt=23&amp;_nc_ht=scontent.fmdz10-1.fna&amp;_nc_gid=9FrRJl5Ukdre10_x2-g7Ow&amp;oh=00_AfhHfpXLiLaX6hvmTASUUqu3nElTc8rWqhxZdYCPDqRVig&amp;oe=69279EC3\" alt=\"Puede ser una imagen de texto que dice &quot;d0 LACOPINI \u03a5\u03a7\u03c2\u039f\u03a1\u0399\u039d\u0399 ONTO CNTO NOMINADOS MEJOR PROGRAMADE RPROGRAMADE.DEPORTEEXTREMO DEPORTE ABRIENDO PISTA DEPORTV MF Santiago Serrano ARGENTINA XTREME M\u00c9RICA SPORT CABLE SURF &amp; ROCK 2025 Ramiro &quot;Rama' Quesada FOX SPORT WINTER NEWS Mar\u00eda Ungaro ESPN\/ Disney ABRIENDO PISTA DEPORTV D&quot;\" \/><\/p>\n<p>La comunidad de General Alvear celebra la nominaci\u00f3n de uno de sus referentes en producci\u00f3n audiovisual, en un a\u00f1o donde <em><strong>\u201cAbriendo Pista\u201d<\/strong><\/em> logra posicionarse entre los mejores programas de deporte extremo del pa\u00eds.<\/p>\n","protected":false},"excerpt":{"rendered":"<p>El comunicador alvearense Jorge Porta fue nominado a los Premios Mart\u00edn Fierro de Cable 2025 en la categor\u00eda Mejor Programa de &#8230;<\/p>\n","protected":false},"author":7,"featured_media":155405,"comment_status":"open","ping_status":"open","sticky":false,"template":"","format":"standard","meta":{"footnotes":""},"categories":[5,10],"tags":[],"class_list":["post-155404","post","type-post","status-publish","format-standard","has-post-thumbnail","hentry","category-actualidad","category-destacadas"],"_links":{"self":[{"href":"https:\/\/vinasfm.com\/noticias\/wp-json\/wp\/v2\/posts\/155404","targetHints":{"allow":["GET"]}}],"collection":[{"href":"https:\/\/vinasfm.com\/noticias\/wp-json\/wp\/v2\/posts"}],"about":[{"href":"https:\/\/vinasfm.com\/noticias\/wp-json\/wp\/v2\/types\/post"}],"author":[{"embeddable":true,"href":"https:\/\/vinasfm.com\/noticias\/wp-json\/wp\/v2\/users\/7"}],"replies":[{"embeddable":true,"href":"https:\/\/vinasfm.com\/noticias\/wp-json\/wp\/v2\/comments?post=155404"}],"version-history":[{"count":5,"href":"https:\/\/vinasfm.com\/noticias\/wp-json\/wp\/v2\/posts\/155404\/revisions"}],"predecessor-version":[{"id":155432,"href":"https:\/\/vinasfm.com\/noticias\/wp-json\/wp\/v2\/posts\/155404\/revisions\/155432"}],"wp:featuredmedia":[{"embeddable":true,"href":"https:\/\/vinasfm.com\/noticias\/wp-json\/wp\/v2\/media\/155405"}],"wp:attachment":[{"href":"https:\/\/vinasfm.com\/noticias\/wp-json\/wp\/v2\/media?parent=155404"}],"wp:term":[{"taxonomy":"category","embeddable":true,"href":"https:\/\/vinasfm.com\/noticias\/wp-json\/wp\/v2\/categories?post=155404"},{"taxonomy":"post_tag","embeddable":true,"href":"https:\/\/vinasfm.com\/noticias\/wp-json\/wp\/v2\/tags?post=155404"}],"curies":[{"name":"wp","href":"https:\/\/api.w.org\/{rel}","templated":true}]}}