{"id":155362,"date":"2025-11-20T19:22:01","date_gmt":"2025-11-20T22:22:01","guid":{"rendered":"https:\/\/vinasfm.com\/noticias\/?p=155362"},"modified":"2025-11-21T10:38:20","modified_gmt":"2025-11-21T13:38:20","slug":"la-costanera-de-los-tableros-abre-su-temporada-con-un-gran-sunset-sobre-el-atuel","status":"publish","type":"post","link":"https:\/\/vinasfm.com\/noticias\/la-costanera-de-los-tableros-abre-su-temporada-con-un-gran-sunset-sobre-el-atuel\/","title":{"rendered":"LA COSTANERA DE LOS TABLEROS ABRE SU TEMPORADA CON UN GRAN SUNSET SOBRE EL ATUEL"},"content":{"rendered":"<h4><span style=\"color: #003300;\"><strong>Este domingo 23, la Costanera de Los Tableros dar\u00e1 inicio formal a su temporada con una propuesta pensada para vecinos y turistas: un gran sunset a orillas del r\u00edo Atuel, con DJ en vivo y entrada libre y gratuita.<\/strong><\/span><\/h4>\n<p>La actividad se desarrollar\u00e1 de 18 a 23 en Ruta 143, km 451, con la musicalizaci\u00f3n de Facundo Gaggioli y Keila Notaro, quienes ser\u00e1n los encargados de poner ritmo a la tarde-noche en uno de los espacios p\u00fablicos m\u00e1s nuevos del departamento.<\/p>\n<p>Inaugurada el a\u00f1o pasado, la Costanera de Los Tableros <strong>es un espacio gratuito para toda la comunidad, emplazado en un entorno natural privilegiado sobre el Atuel, que se ha consolidado r\u00e1pidamente como punto de encuentro para familias, j\u00f3venes y visitantes.<\/strong><\/p>\n<p>Junto a la Costanera de Monte Com\u00e1n, ubicada a la vera del r\u00edo Diamante, estos espacios se han convertido en dos polos recreativos y tur\u00edsticos clave del departamento, que se suman a otros lugares de uso p\u00fablico como el Parque Municipal de Valle Grande y la Costanera de El Nihuil.<\/p>\n<p><a href=\"https:\/\/vinasfm.com\/noticias\/wp-content\/uploads\/2025\/11\/FB_IMG_1763677038928.jpg\"><img loading=\"lazy\" decoding=\"async\" class=\"alignnone size-large wp-image-155363\" src=\"https:\/\/vinasfm.com\/noticias\/wp-content\/uploads\/2025\/11\/FB_IMG_1763677038928-819x1024.jpg\" alt=\"\" width=\"819\" height=\"1024\" srcset=\"https:\/\/vinasfm.com\/noticias\/wp-content\/uploads\/2025\/11\/FB_IMG_1763677038928-819x1024.jpg 819w, https:\/\/vinasfm.com\/noticias\/wp-content\/uploads\/2025\/11\/FB_IMG_1763677038928-240x300.jpg 240w, https:\/\/vinasfm.com\/noticias\/wp-content\/uploads\/2025\/11\/FB_IMG_1763677038928-768x961.jpg 768w, https:\/\/vinasfm.com\/noticias\/wp-content\/uploads\/2025\/11\/FB_IMG_1763677038928-1228x1536.jpg 1228w, https:\/\/vinasfm.com\/noticias\/wp-content\/uploads\/2025\/11\/FB_IMG_1763677038928.jpg 1279w\" sizes=\"auto, (max-width: 819px) 100vw, 819px\" \/><\/a><\/p>\n<p>El objetivo de estos puntos es sumar espacios de recreaci\u00f3n y desarrollo para las comunidades. Actualmente se construye una costanera similar en Ca\u00f1ada Seca, con el objetivo de seguir ampliando estos espacios en los distritos.<\/p>\n<p>Con m\u00fasica, atardecer sobre el r\u00edo y servicios pensados para disfrutar en familia, <strong>la apertura de temporada en la Costanera de Los Tableros ser\u00e1 una oportunidad ideal para volver a vivir el verano en el r\u00edo Atuel, con acceso libre y gratuito para todos.<\/strong><\/p>\n<p>&nbsp;<\/p>\n<h6>San Rafael Al Toque.<\/h6>\n","protected":false},"excerpt":{"rendered":"<p>Este domingo 23, la Costanera de Los Tableros dar\u00e1 inicio formal a su temporada con una propuesta pensada para vecinos y &#8230;<\/p>\n","protected":false},"author":7,"featured_media":155364,"comment_status":"open","ping_status":"open","sticky":false,"template":"","format":"standard","meta":{"footnotes":""},"categories":[5,11],"tags":[],"class_list":["post-155362","post","type-post","status-publish","format-standard","has-post-thumbnail","hentry","category-actualidad","category-sociales"],"_links":{"self":[{"href":"https:\/\/vinasfm.com\/noticias\/wp-json\/wp\/v2\/posts\/155362","targetHints":{"allow":["GET"]}}],"collection":[{"href":"https:\/\/vinasfm.com\/noticias\/wp-json\/wp\/v2\/posts"}],"about":[{"href":"https:\/\/vinasfm.com\/noticias\/wp-json\/wp\/v2\/types\/post"}],"author":[{"embeddable":true,"href":"https:\/\/vinasfm.com\/noticias\/wp-json\/wp\/v2\/users\/7"}],"replies":[{"embeddable":true,"href":"https:\/\/vinasfm.com\/noticias\/wp-json\/wp\/v2\/comments?post=155362"}],"version-history":[{"count":2,"href":"https:\/\/vinasfm.com\/noticias\/wp-json\/wp\/v2\/posts\/155362\/revisions"}],"predecessor-version":[{"id":155390,"href":"https:\/\/vinasfm.com\/noticias\/wp-json\/wp\/v2\/posts\/155362\/revisions\/155390"}],"wp:featuredmedia":[{"embeddable":true,"href":"https:\/\/vinasfm.com\/noticias\/wp-json\/wp\/v2\/media\/155364"}],"wp:attachment":[{"href":"https:\/\/vinasfm.com\/noticias\/wp-json\/wp\/v2\/media?parent=155362"}],"wp:term":[{"taxonomy":"category","embeddable":true,"href":"https:\/\/vinasfm.com\/noticias\/wp-json\/wp\/v2\/categories?post=155362"},{"taxonomy":"post_tag","embeddable":true,"href":"https:\/\/vinasfm.com\/noticias\/wp-json\/wp\/v2\/tags?post=155362"}],"curies":[{"name":"wp","href":"https:\/\/api.w.org\/{rel}","templated":true}]}}