{"id":155349,"date":"2025-11-20T10:50:41","date_gmt":"2025-11-20T13:50:41","guid":{"rendered":"https:\/\/vinasfm.com\/noticias\/?p=155349"},"modified":"2025-11-20T11:43:10","modified_gmt":"2025-11-20T14:43:10","slug":"el-estado-despidio-a-varios-empleados-entre-ellos-un-alvearense","status":"publish","type":"post","link":"https:\/\/vinasfm.com\/noticias\/el-estado-despidio-a-varios-empleados-entre-ellos-un-alvearense\/","title":{"rendered":"EL ESTADO DESPIDI\u00d3 A VARIOS EMPLEADOS ENTRE ELLOS UN ALVEARENSE"},"content":{"rendered":"<h4><strong>En el Bolet\u00edn Oficial de este mi\u00e9rcoles el gobierno provincial comunic\u00f3 la cesant\u00eda de varios empleados entre ellos algunos sanrafaelinos.<\/strong><\/h4>\n<p>Los empleados prestaban servicios en la Direcci\u00f3n General de Escuelas (DGE), el Ente de la Movilidad Provincial y la Direcci\u00f3n de Protecci\u00f3n de Derechos de Ni\u00f1os, Ni\u00f1as y Adolescentes.<\/p>\n<p>Estos organismos resolvieron una serie de expedientes administrativos que derivaron en cesant\u00edas, clausuras de sumarios y sanciones.<\/p>\n<p>Los casos incluyen inasistencias prolongadas, abandono de servicio, incumplimientos funcionales y presuntas irregularidades administrativas.<\/p>\n<p>Entre los casos m\u00e1s emblem\u00e1ticos se encuentran algunos sanrafaelinos. Uno de ellos es un celador que trabajaba en el CENS 3-444 que registr\u00f3 444 d\u00edas laborables de faltas injustificadas entre febrero de 2022 y mayo de 2023.<\/p>\n<p>El empleado, Daniel Blasco, se abstuvo de declarar en el sumario iniciado y no present\u00f3 descargo alguno para revertir la sanci\u00f3n de cesant\u00eda.<\/p>\n<p>Otro sumario involucr\u00f3 a una docente de la escuela Pacual Iaccarini, Eliana Hayde\u00e9 Lassa a la que la DGE le aplic\u00f3 la cesant\u00eda e inhabilitaci\u00f3n por tres a\u00f1os<\/p>\n<p>Es que luego de una investigaci\u00f3n se detect\u00f3 irregularidades vinculadas a la compra de una bomba trif\u00e1sica con posible sobreprecio y otras acciones contrarias a la normativa vigente.<\/p>\n<p>Aunque la agente se hab\u00eda jubilado durante el tr\u00e1mite, la Junta determin\u00f3 que correspond\u00eda igualmente aplicar la sanci\u00f3n por el impacto en la funci\u00f3n p\u00fablica.<\/p>\n<p><strong>M\u00e1s casos en el resto de la provincia<\/strong><\/p>\n<p>Una celadora del CENS 3-495 de Santa Rosa. Carolina Pastr\u00e1n, acumul\u00f3 1.428 inasistencias injustificadas entre 2018 y junio del 2023. Tras varias citaciones, la agente se abstuvo de declarar y no aport\u00f3 justificaciones. La Junta Disciplinaria recomend\u00f3 la cesant\u00eda, ratificada por la DGE.<\/p>\n<p><em><strong>Un docente de la escuela 1-070 \u00abCapital Federal\u00bb, Fabricio Cirica, que no asisti\u00f3 a trabajar desde junio de 2020. fue cesanteado por abandono de servicio.<\/strong><\/em><\/p>\n<p>Un celador del CENS 3-409, Mariano Quiroga, fue sancionado luego de acreditarse 41 d\u00edas de inasistencias injustificadas entre 2019 y 2021.<\/p>\n<p>La Direcci\u00f3n de Protecci\u00f3n de Derechos aplic\u00f3 la cesant\u00eda a una agente, Jimena Bajouth Vitale por m\u00e1s de tres meses de inasistencias injustificadas durante 2020.<\/p>\n<p>El Ente de la Movilidad Provincial dispuso la cesant\u00eda de un inspector, Eduardo Palacio, por inasistencias injustificadas durante 71 d\u00edas entre mayo y agosto de 2025<\/p>\n","protected":false},"excerpt":{"rendered":"<p>En el Bolet\u00edn Oficial de este mi\u00e9rcoles el gobierno provincial comunic\u00f3 la cesant\u00eda de varios empleados entre ellos algunos sanrafaelinos. Los &#8230;<\/p>\n","protected":false},"author":7,"featured_media":155350,"comment_status":"open","ping_status":"open","sticky":false,"template":"","format":"standard","meta":{"footnotes":""},"categories":[1],"tags":[],"class_list":["post-155349","post","type-post","status-publish","format-standard","has-post-thumbnail","hentry","category-fmvinas"],"_links":{"self":[{"href":"https:\/\/vinasfm.com\/noticias\/wp-json\/wp\/v2\/posts\/155349","targetHints":{"allow":["GET"]}}],"collection":[{"href":"https:\/\/vinasfm.com\/noticias\/wp-json\/wp\/v2\/posts"}],"about":[{"href":"https:\/\/vinasfm.com\/noticias\/wp-json\/wp\/v2\/types\/post"}],"author":[{"embeddable":true,"href":"https:\/\/vinasfm.com\/noticias\/wp-json\/wp\/v2\/users\/7"}],"replies":[{"embeddable":true,"href":"https:\/\/vinasfm.com\/noticias\/wp-json\/wp\/v2\/comments?post=155349"}],"version-history":[{"count":1,"href":"https:\/\/vinasfm.com\/noticias\/wp-json\/wp\/v2\/posts\/155349\/revisions"}],"predecessor-version":[{"id":155353,"href":"https:\/\/vinasfm.com\/noticias\/wp-json\/wp\/v2\/posts\/155349\/revisions\/155353"}],"wp:featuredmedia":[{"embeddable":true,"href":"https:\/\/vinasfm.com\/noticias\/wp-json\/wp\/v2\/media\/155350"}],"wp:attachment":[{"href":"https:\/\/vinasfm.com\/noticias\/wp-json\/wp\/v2\/media?parent=155349"}],"wp:term":[{"taxonomy":"category","embeddable":true,"href":"https:\/\/vinasfm.com\/noticias\/wp-json\/wp\/v2\/categories?post=155349"},{"taxonomy":"post_tag","embeddable":true,"href":"https:\/\/vinasfm.com\/noticias\/wp-json\/wp\/v2\/tags?post=155349"}],"curies":[{"name":"wp","href":"https:\/\/api.w.org\/{rel}","templated":true}]}}