{"id":155342,"date":"2025-11-20T10:54:55","date_gmt":"2025-11-20T13:54:55","guid":{"rendered":"https:\/\/vinasfm.com\/noticias\/?p=155342"},"modified":"2025-11-21T10:15:38","modified_gmt":"2025-11-21T13:15:38","slug":"economia-social-invita-al-evento-cerveceros-alvearenses-por-el-dia-internacional-de-la-mujer-emprendedora","status":"publish","type":"post","link":"https:\/\/vinasfm.com\/noticias\/economia-social-invita-al-evento-cerveceros-alvearenses-por-el-dia-internacional-de-la-mujer-emprendedora\/","title":{"rendered":"ECONOM\u00cdA SOCIAL INVITA AL EVENTO \u201cCERVECEROS ALVEARENSES\u201d POR EL D\u00cdA INTERNACIONAL DE LA MUJER EMPRENDEDORA"},"content":{"rendered":"<h4><span style=\"color: #003300;\">La Direcci\u00f3n de Econom\u00eda Social anunci\u00f3 la realizaci\u00f3n del evento <strong>\u201cCerveceros Alvearenses\u201d<\/strong>, en el marco del <strong>D\u00eda Internacional de la Mujer Emprendedora<\/strong>, el pr\u00f3ximo <strong>s\u00e1bado 22 de noviembre a las 20:30<\/strong> en el <strong>Paseo de los Artesanos \u2013 Km 0<\/strong>. <\/span><\/h4>\n<p><span style=\"color: #000000;\">La jornada combinar\u00e1 m\u00fasica en vivo, un reconocimiento especial y una acci\u00f3n solidaria organizada por productores cerveceros del departamento.<\/span><\/p>\n<p>En di\u00e1logo con <span style=\"color: #993366;\"><strong>FM VI\u00d1AS<\/strong><\/span>, <span style=\"color: #003366;\"><strong>Mariela Carduz<\/strong><\/span>, <em>referente de Econom\u00eda Social<\/em>, explic\u00f3 que la propuesta busca celebrar y visibilizar el trabajo de las mujeres emprendedoras del departamento, al mismo tiempo que se fortalece el v\u00ednculo con los cerveceros locales.<\/p>\n<p><em><strong>\u201cNos vamos a encontrar en el Paseo del Artesano en un evento muy especial. Habr\u00e1 tres bandas, entre ellas El Hombre de la Valija y Kratevas, una banda con trayectoria que ser\u00e1 soporte de Molotov en la Fiesta Provincial de la Cerveza. Tambi\u00e9n realizaremos un reconocimiento a una mujer emprendedora\u201d<\/strong><\/em>, detall\u00f3.<\/p>\n<h3><strong>Una acci\u00f3n solidaria impulsada por los cerveceros<\/strong><\/h3>\n<p>El evento contar\u00e1 adem\u00e1s con una propuesta solidaria: <strong>se entregar\u00e1 una pinta de cerveza artesanal a quienes acerquen un alimento no perecedero<\/strong>, donaciones que ser\u00e1n destinadas a la Direcci\u00f3n de Familia para asistir a personas en situaci\u00f3n de vulnerabilidad.<\/p>\n<p><span style=\"color: #003366;\"><strong>Gabriel Moreyra<\/strong><\/span>, <em>de Cerveza Piren<\/em>, coment\u00f3 que la idea surgi\u00f3 tras la reciente Fiesta de la Cerveza:<br \/>\n<em><strong>\u201cPropuse hacer algo solidario como agradecimiento a la ciudad por lo bien que sali\u00f3 el evento. Nos juntamos cuatro cerveceros y decidimos organizar esta acci\u00f3n. Elaboramos una cerveza especial para la ocasi\u00f3n, en una cocci\u00f3n colaborativa\u201d.<\/strong><\/em><\/p>\n<p>Por su parte, <span style=\"color: #003366;\"><strong>Juan Calafate<\/strong><\/span>, <em>de Cerveza Oblicuo<\/em>, destac\u00f3 la importancia de trabajar en conjunto:<br \/>\n<em><strong>\u201cM\u00e1s all\u00e1 de lo solidario, esto nos ayuda a promocionarnos, a darnos a conocer y a potenciar la cultura cervecera. Queremos ofrecer un estilo que ninguna de nuestras cervecer\u00edas produce habitualmente, algo distinto para acercar a m\u00e1s p\u00fablico\u201d.<\/strong><\/em><\/p>\n<p><a href=\"https:\/\/vinasfm.com\/noticias\/wp-content\/uploads\/2025\/11\/IMG-20251119-WA0034.jpg\"><img loading=\"lazy\" decoding=\"async\" class=\"wp-image-155303 aligncenter\" src=\"https:\/\/vinasfm.com\/noticias\/wp-content\/uploads\/2025\/11\/IMG-20251119-WA0034-819x1024.jpg\" alt=\"\" width=\"500\" height=\"625\" srcset=\"https:\/\/vinasfm.com\/noticias\/wp-content\/uploads\/2025\/11\/IMG-20251119-WA0034-819x1024.jpg 819w, https:\/\/vinasfm.com\/noticias\/wp-content\/uploads\/2025\/11\/IMG-20251119-WA0034-240x300.jpg 240w, https:\/\/vinasfm.com\/noticias\/wp-content\/uploads\/2025\/11\/IMG-20251119-WA0034-768x961.jpg 768w, https:\/\/vinasfm.com\/noticias\/wp-content\/uploads\/2025\/11\/IMG-20251119-WA0034-1228x1536.jpg 1228w, https:\/\/vinasfm.com\/noticias\/wp-content\/uploads\/2025\/11\/IMG-20251119-WA0034.jpg 1279w\" sizes=\"auto, (max-width: 500px) 100vw, 500px\" \/><\/a><\/p>\n<h3><strong>Unidos para fortalecer la cultura cervecera<\/strong><\/h3>\n<p>Ambos productores coincidieron en que el trabajo conjunto ser\u00e1 clave en el contexto econ\u00f3mico actual.<br \/>\n<strong>\u201cLa situaci\u00f3n est\u00e1 complicada en general, pero creemos que si todos tiramos para el mismo lado nos va a ir mejor. Estas juntadas son el primer paso. Si la gente acompa\u00f1a, queremos repetir este tipo de acciones todas las veces que sea necesario, siempre con un fin solidario y para fortalecer la cultura cervecera en Alvear\u201d<\/strong>, aseguraron.<\/p>\n<p>El municipio invit\u00f3 a toda la comunidad a participar, disfrutar de la m\u00fasica y colaborar con la causa solidaria.<\/p>\n","protected":false},"excerpt":{"rendered":"<p>La Direcci\u00f3n de Econom\u00eda Social anunci\u00f3 la realizaci\u00f3n del evento \u201cCerveceros Alvearenses\u201d, en el marco del D\u00eda Internacional de la Mujer &#8230;<\/p>\n","protected":false},"author":7,"featured_media":155355,"comment_status":"open","ping_status":"open","sticky":false,"template":"","format":"standard","meta":{"footnotes":""},"categories":[5,10],"tags":[],"class_list":["post-155342","post","type-post","status-publish","format-standard","has-post-thumbnail","hentry","category-actualidad","category-destacadas"],"_links":{"self":[{"href":"https:\/\/vinasfm.com\/noticias\/wp-json\/wp\/v2\/posts\/155342","targetHints":{"allow":["GET"]}}],"collection":[{"href":"https:\/\/vinasfm.com\/noticias\/wp-json\/wp\/v2\/posts"}],"about":[{"href":"https:\/\/vinasfm.com\/noticias\/wp-json\/wp\/v2\/types\/post"}],"author":[{"embeddable":true,"href":"https:\/\/vinasfm.com\/noticias\/wp-json\/wp\/v2\/users\/7"}],"replies":[{"embeddable":true,"href":"https:\/\/vinasfm.com\/noticias\/wp-json\/wp\/v2\/comments?post=155342"}],"version-history":[{"count":4,"href":"https:\/\/vinasfm.com\/noticias\/wp-json\/wp\/v2\/posts\/155342\/revisions"}],"predecessor-version":[{"id":155356,"href":"https:\/\/vinasfm.com\/noticias\/wp-json\/wp\/v2\/posts\/155342\/revisions\/155356"}],"wp:featuredmedia":[{"embeddable":true,"href":"https:\/\/vinasfm.com\/noticias\/wp-json\/wp\/v2\/media\/155355"}],"wp:attachment":[{"href":"https:\/\/vinasfm.com\/noticias\/wp-json\/wp\/v2\/media?parent=155342"}],"wp:term":[{"taxonomy":"category","embeddable":true,"href":"https:\/\/vinasfm.com\/noticias\/wp-json\/wp\/v2\/categories?post=155342"},{"taxonomy":"post_tag","embeddable":true,"href":"https:\/\/vinasfm.com\/noticias\/wp-json\/wp\/v2\/tags?post=155342"}],"curies":[{"name":"wp","href":"https:\/\/api.w.org\/{rel}","templated":true}]}}