{"id":155339,"date":"2025-11-20T10:19:11","date_gmt":"2025-11-20T13:19:11","guid":{"rendered":"https:\/\/vinasfm.com\/noticias\/?p=155339"},"modified":"2025-11-21T08:43:24","modified_gmt":"2025-11-21T11:43:24","slug":"bullying-los-padres-seran-corresponsables-de-la-conducta-de-sus-hijos","status":"publish","type":"post","link":"https:\/\/vinasfm.com\/noticias\/bullying-los-padres-seran-corresponsables-de-la-conducta-de-sus-hijos\/","title":{"rendered":"BULLYING: LOS PADRES SER\u00c1N CORRESPONSABLES DE LA CONDUCTA DE SUS HIJOS"},"content":{"rendered":"<h4><strong><span style=\"color: #003300;\">La C\u00e1mara de Diputados dio sanci\u00f3n final a incorporar la responsabilidad parental ante casos de acoso escolar o bullying, al C\u00f3digo Contravencional de la provincia. La iniciativa del Poder Ejecutivo tiene como finalidad establecer un procedimiento progresivo ante estos casos.<\/span><\/strong><\/h4>\n<p>El bullying <em><strong>\u201ces una problem\u00e1tica social grave con consecuencias devastadoras para las v\u00edctimas, que pueden sufrir da\u00f1os psicol\u00f3gicos, emocionales y f\u00edsicos. Si bien las escuelas tienen un papel fundamental en la prevenci\u00f3n, la responsabilidad de educar y supervisar a los hijos es, en primera instancia, de los padres o tutores\u201d<\/strong><\/em>, se\u00f1ala la fundamentaci\u00f3n.<\/p>\n<p>En ese sentido, uno de los principios en los que se fundamenta la propuesta es la <em><strong>\u201cResponsabilidad parental y tutelar\u201d<\/strong><\/em>, ya que reconoce que <strong><em>\u201clos padres tienen un deber de cuidado y supervisi\u00f3n sobre sus hijos\u201d<\/em><\/strong>. La iniciativa, pretende al respecto<strong><em> \u201chacer a los adultos corresponsables del comportamiento de los ni\u00f1os\/as y adolescentes a su cargo, promoviendo una participaci\u00f3n m\u00e1s activa\u201d.<\/em><\/strong><\/p>\n<p>Otro principio es el <em><strong>\u201cenfoque educativo y preventivo\u201d<\/strong><\/em>, basado en que las acciones previstas en la normativa que se propone <em><strong>\u201cno tienen como fin principal el castigo\u201d<\/strong><\/em>, sino generar conciencia y proporcionar a los padres herramientas efectivas para la crianza y la prevenci\u00f3n: la meta es romper el ciclo de violencia desde el hogar y la familia.<\/p>\n<p>Asimismo, contempla el principio de <strong><em>\u201cProtecci\u00f3n de las v\u00edctimas\u201d<\/em><\/strong>; porque al<em><strong> \u201cresponsabilizar a los adultos, se espera una intervenci\u00f3n m\u00e1s r\u00e1pida y efectiva que ponga fin a las agresiones y garantice un entorno seguro para todos los estudiantes\u201d.<\/strong><\/em><\/p>\n<p>En esa l\u00ednea, se considera que <strong><em>\u201cla sanci\u00f3n del trabajo comunitario es una medida ejemplarizante que, adem\u00e1s de penalizar, busca crear conciencia sobre el impacto negativo del bullying y fomenta la participaci\u00f3n de los adultos en la construcci\u00f3n de una comunidad m\u00e1s segura y respetuosa. Todos los involucrados deben tomar su lugar frente a la resoluci\u00f3n de los conflictos sociales y escolares, dado que cada uno de ellos est\u00e1 llamado a desempe\u00f1ar un rol diferente en su resoluci\u00f3n\u201d.<\/em><\/strong><\/p>\n<h2><strong>Qu\u00e9 dice esta Ley<\/strong><\/h2>\n<p>Establece la incorporaci\u00f3n al C\u00f3digo de Contravenciones de Mendoza, T\u00edtulo III:<em><strong> \u201cContravenciones contra la moralidad, buenas costumbres, solidaridad y educaci\u00f3n\u201d<\/strong><\/em>, los art\u00edculos 100 bis, 100 ter y 100 quater, que quedan redactados de la siguiente manera:<\/p>\n<p>\u201cArt. 100 bis- Responsabilidad parental por acoso escolar (bullying)- Si el padre, madre, tutor, guardador o responsable legal de un ni\u00f1o, ni\u00f1a o adolescente, una vez notificado por las autoridades escolares o de protecci\u00f3n de la infancia de la conducta de acoso escolar o bullying cometida por la persona menor de edad a su cargo, incumpliere el deber de orientaci\u00f3n, di\u00e1logo, vigilancia o cuidado, o no adoptare las medidas necesarias para evitar la reiteraci\u00f3n o reparar el da\u00f1o, ser\u00e1 sancionado con multa de mil quinientas (1.500) a tres mil (3.000) U.F. o con tareas educativas o comunitarias de hasta treinta (30) d\u00edas, seg\u00fan la gravedad del caso, conforme a las pautas establecidas en el Art. 9\u00ba de este C\u00f3digo.<\/p>\n<p>El producido de las multas que se apliquen, se destinar\u00e1n al Fondo Provincial establecido por Ley N\u00b0 9545, cuyo objeto ser\u00e1 la prevenci\u00f3n y asistencia de v\u00edctimas de acoso escolar en el \u00e1mbito de la Direcci\u00f3n General de Escuelas, como as\u00ed tambi\u00e9n a Bibliotecas Populares.\u201d<\/p>\n<p>\u201cArt.100 ter- Procedimiento en Casos de Bullying- En el caso del art\u00edculo anterior, la autoridad escolar constituye la instancia originaria de actuaci\u00f3n y deber\u00e1 aplicar el Protocolo de Actuaci\u00f3n en Casos de Bullying aprobado por Resoluci\u00f3n N\u00b0 5679 de la Direcci\u00f3n General de Escuelas o la norma que en el futuro la remplace. Deber\u00e1 dejar constancia en el expediente institucional del fracaso de la instancia previa por inasistencia de los adultos responsables, incumplimiento de los compromisos asumidos, o cuando, habi\u00e9ndose presentado, no se logre un acuerdo en las medidas de orientaci\u00f3n, acompa\u00f1amiento o reparaci\u00f3n por culpa o falta de cooperaci\u00f3n del padre, madre, tutor o guardador. Las actuaciones ser\u00e1n remitidas con un informe pormenorizado de la situaci\u00f3n denunciada y verificada, las acciones realizadas y el resultado de la instancia previa al Juzgado Contravencional competente del domicilio del padre, madre, tutor, guardador o responsable legal de la persona menor de edad.\u201d<\/p>\n<p>\u201cArt. 100 quater- Eximici\u00f3n de responsabilidad de los progenitores. Quedar\u00e1n eximidos de responsabilidad los progenitores que:<\/p>\n<ol>\n<li>a) Se encuentren privados o suspendidos del ejercicio de la responsabilidad parental;<\/li>\n<li>b) Tengan discernido judicialmente el cuidado personal unilateral en el otro progenitor;<\/li>\n<li>c) Se hallen alcanzados por medidas de prohibici\u00f3n de acercamiento o medidas de protecci\u00f3n vigentes que les impidan intervenir en la crianza o supervisi\u00f3n del ni\u00f1o, ni\u00f1a o adolescente al momento del hecho.\u201d<\/li>\n<\/ol>\n","protected":false},"excerpt":{"rendered":"<p>La C\u00e1mara de Diputados dio sanci\u00f3n final a incorporar la responsabilidad parental ante casos de acoso escolar o bullying, al C\u00f3digo &#8230;<\/p>\n","protected":false},"author":7,"featured_media":155340,"comment_status":"open","ping_status":"open","sticky":false,"template":"","format":"standard","meta":{"footnotes":""},"categories":[18,43],"tags":[],"class_list":["post-155339","post","type-post","status-publish","format-standard","has-post-thumbnail","hentry","category-educacion","category-legislatura"],"_links":{"self":[{"href":"https:\/\/vinasfm.com\/noticias\/wp-json\/wp\/v2\/posts\/155339","targetHints":{"allow":["GET"]}}],"collection":[{"href":"https:\/\/vinasfm.com\/noticias\/wp-json\/wp\/v2\/posts"}],"about":[{"href":"https:\/\/vinasfm.com\/noticias\/wp-json\/wp\/v2\/types\/post"}],"author":[{"embeddable":true,"href":"https:\/\/vinasfm.com\/noticias\/wp-json\/wp\/v2\/users\/7"}],"replies":[{"embeddable":true,"href":"https:\/\/vinasfm.com\/noticias\/wp-json\/wp\/v2\/comments?post=155339"}],"version-history":[{"count":1,"href":"https:\/\/vinasfm.com\/noticias\/wp-json\/wp\/v2\/posts\/155339\/revisions"}],"predecessor-version":[{"id":155341,"href":"https:\/\/vinasfm.com\/noticias\/wp-json\/wp\/v2\/posts\/155339\/revisions\/155341"}],"wp:featuredmedia":[{"embeddable":true,"href":"https:\/\/vinasfm.com\/noticias\/wp-json\/wp\/v2\/media\/155340"}],"wp:attachment":[{"href":"https:\/\/vinasfm.com\/noticias\/wp-json\/wp\/v2\/media?parent=155339"}],"wp:term":[{"taxonomy":"category","embeddable":true,"href":"https:\/\/vinasfm.com\/noticias\/wp-json\/wp\/v2\/categories?post=155339"},{"taxonomy":"post_tag","embeddable":true,"href":"https:\/\/vinasfm.com\/noticias\/wp-json\/wp\/v2\/tags?post=155339"}],"curies":[{"name":"wp","href":"https:\/\/api.w.org\/{rel}","templated":true}]}}