{"id":155337,"date":"2025-11-20T10:14:46","date_gmt":"2025-11-20T13:14:46","guid":{"rendered":"https:\/\/vinasfm.com\/noticias\/?p=155337"},"modified":"2025-11-21T08:43:44","modified_gmt":"2025-11-21T11:43:44","slug":"la-delegacion-de-real-del-padre-reconocio-a-la-bodega-finca-ivonne-en-la-fiesta-vendimia-mujer","status":"publish","type":"post","link":"https:\/\/vinasfm.com\/noticias\/la-delegacion-de-real-del-padre-reconocio-a-la-bodega-finca-ivonne-en-la-fiesta-vendimia-mujer\/","title":{"rendered":"LA DELEGACI\u00d3N MUNICIPAL DE REAL DEL PADRE RECONOCI\u00d3 A LA BODEGA FINCA IVONNE EN LA FIESTA \u201cVENDIMIA MUJER\u201d"},"content":{"rendered":"<h4><strong>En el marco de la celebraci\u00f3n <em>Vendimia Mujer<\/em>, la Delegaci\u00f3n de Real del Padre otorg\u00f3 un reconocimiento a la Bodega Finca Ivonne, distinci\u00f3n que su representante, Ra\u00fal Mart\u00ednez, calific\u00f3 como \u201cun mimo al coraz\u00f3n\u201d y un impulso para seguir trabajando en un contexto complejo para la vitivinicultura.<\/strong><\/h4>\n<p>En di\u00e1logo con <span style=\"color: #993366;\"><strong>FM VI\u00d1AS<\/strong><\/span>, Mart\u00ednez destac\u00f3 la organizaci\u00f3n del evento, encabezado por <span style=\"color: #003366;\">Ram\u00f3n P\u00e9rez<\/span> y el equipo municipal, as\u00ed como el valor emocional que tuvo para su familia: <strong><em>\u201cEs lindo recibir un reconocimiento porque te indica que vas por el camino correcto, a pesar de las adversidades. Y m\u00e1s a\u00fan cuando uno lo comparte con la familia: mis hijos, mis hijas, mi esposa; todos recibimos este premio\u201d<\/em><\/strong>.<\/p>\n<p>Adem\u00e1s de Finca Ivonne, tambi\u00e9n fueron distinguidos productores, trabajadores rurales y otras bodegas de la zona. Para <span style=\"color: #003366;\"><strong>Mart\u00ednez<\/strong><\/span>, este tipo de celebraciones mantiene el esp\u00edritu agr\u00edcola de la vendimia:<br \/>\n<em><strong>\u201cEstas fiestas son un verdadero homenaje a quienes todos los d\u00edas doblan la espalda. Muy lejos de lo comercial y tur\u00edstico que se ve en la fiesta mayor\u201d.<\/strong><\/em><\/p>\n<p><a href=\"https:\/\/vinasfm.com\/noticias\/wp-content\/uploads\/2025\/11\/FB_IMG_1763470434295.jpg\"><img loading=\"lazy\" decoding=\"async\" class=\"alignnone  wp-image-155239\" src=\"https:\/\/vinasfm.com\/noticias\/wp-content\/uploads\/2025\/11\/FB_IMG_1763470434295-819x1024.jpg\" alt=\"\" width=\"350\" height=\"438\" srcset=\"https:\/\/vinasfm.com\/noticias\/wp-content\/uploads\/2025\/11\/FB_IMG_1763470434295-819x1024.jpg 819w, https:\/\/vinasfm.com\/noticias\/wp-content\/uploads\/2025\/11\/FB_IMG_1763470434295-240x300.jpg 240w, https:\/\/vinasfm.com\/noticias\/wp-content\/uploads\/2025\/11\/FB_IMG_1763470434295-768x960.jpg 768w, https:\/\/vinasfm.com\/noticias\/wp-content\/uploads\/2025\/11\/FB_IMG_1763470434295.jpg 1080w\" sizes=\"auto, (max-width: 350px) 100vw, 350px\" \/><\/a> <a href=\"https:\/\/vinasfm.com\/noticias\/wp-content\/uploads\/2025\/11\/FB_IMG_1763470431886.jpg\"><img loading=\"lazy\" decoding=\"async\" class=\"alignnone  wp-image-155240\" src=\"https:\/\/vinasfm.com\/noticias\/wp-content\/uploads\/2025\/11\/FB_IMG_1763470431886-819x1024.jpg\" alt=\"\" width=\"350\" height=\"438\" srcset=\"https:\/\/vinasfm.com\/noticias\/wp-content\/uploads\/2025\/11\/FB_IMG_1763470431886-819x1024.jpg 819w, https:\/\/vinasfm.com\/noticias\/wp-content\/uploads\/2025\/11\/FB_IMG_1763470431886-240x300.jpg 240w, https:\/\/vinasfm.com\/noticias\/wp-content\/uploads\/2025\/11\/FB_IMG_1763470431886-768x960.jpg 768w, https:\/\/vinasfm.com\/noticias\/wp-content\/uploads\/2025\/11\/FB_IMG_1763470431886.jpg 1080w\" sizes=\"auto, (max-width: 350px) 100vw, 350px\" \/><\/a><\/p>\n<h3><strong>Expansi\u00f3n, nuevos vinos y un mercado desafiante<\/strong><\/h3>\n<p>La bodega, que comenz\u00f3 con una sola variedad de Malbec, ya cuenta con seis vinos y recientemente present\u00f3 un blanco y un rosado. Tambi\u00e9n est\u00e1n desarrollando nuevas bebidas complementarias al vino, con planes de lanzamiento pr\u00f3ximamente.<\/p>\n<p>En cuanto a su comercializaci\u00f3n, est\u00e1n presentes en todo el pa\u00eds, con especial fuerza en la Patagonia y Buenos Aires. Sin embargo, Mart\u00ednez remarc\u00f3 que sostener esos mercados es cada vez m\u00e1s dif\u00edcil:<br \/>\n<strong><em>\u201cUn productor hoy est\u00e1 vendiendo el vino 20 o 30 pesos m\u00e1s barato que el a\u00f1o pasado. La ca\u00edda del consumo es impresionante: de 90 litros per c\u00e1pita pasamos a 16. Es muy complejo\u201d.<\/em><\/strong><\/p>\n<p>A esto se suman el aumento de costos, la competencia y la situaci\u00f3n econ\u00f3mica general:<strong><em> \u201cNada en Argentina ha sido f\u00e1cil. Estamos acostumbrados a la inclemencia\u201d.<\/em><\/strong><\/p>\n<h3><strong>Heladas, tormentas y baja producci\u00f3n: el otro frente de batalla<\/strong><\/h3>\n<p>El a\u00f1o clim\u00e1tico tambi\u00e9n golpe\u00f3 fuerte. Las heladas tard\u00edas afectaron varias zonas, aunque Finca Ivonne logr\u00f3 reducir da\u00f1os gracias a defensas pasivas. Con la ciruela, la ca\u00edda en la producci\u00f3n es severa:<strong><em> \u201cDebe haber un 30% de una producci\u00f3n normal. Estamos complicados\u201d.<\/em><\/strong><\/p>\n<p>Las tormentas tampoco dieron tregua. Mart\u00ednez record\u00f3 el fuerte temporal del 6 de enero pasado, que devast\u00f3 fincas en Real del Padre:<em><strong> \u201cCuando ocurren estos siniestros no se lleva el 100%: es m\u00e1s del 100. La floraci\u00f3n cambia, los montes frut\u00edcolas se arrancan\u2026 es tremendo\u201d.<\/strong><\/em><\/p>\n<p>La falta de agua agrava la situaci\u00f3n, con turnos de riego reducidos y altos costos el\u00e9ctricos para sostener perforaciones: <strong><em>\u201cEstamos mal. Regamos cada tres turnos y paramos uno. El estr\u00e9s h\u00eddrico afecta sobre todo a los frutales\u201d.<\/em><\/strong><\/p>\n<p>Consultado sobre la lucha antigranizo, Mart\u00ednez se mostr\u00f3 a favor: <strong><em>\u201cSe ve en el radar c\u00f3mo cambia el color de las nubes cuando act\u00faan los aviones. No siempre se llega a tiempo, pero mantiene viva una esperanza\u201d.<\/em><\/strong><\/p>\n","protected":false},"excerpt":{"rendered":"<p>En el marco de la celebraci\u00f3n Vendimia Mujer, la Delegaci\u00f3n de Real del Padre otorg\u00f3 un reconocimiento a la Bodega Finca &#8230;<\/p>\n","protected":false},"author":7,"featured_media":155241,"comment_status":"open","ping_status":"open","sticky":false,"template":"","format":"standard","meta":{"footnotes":""},"categories":[10,25],"tags":[],"class_list":["post-155337","post","type-post","status-publish","format-standard","has-post-thumbnail","hentry","category-destacadas","category-vendimia"],"_links":{"self":[{"href":"https:\/\/vinasfm.com\/noticias\/wp-json\/wp\/v2\/posts\/155337","targetHints":{"allow":["GET"]}}],"collection":[{"href":"https:\/\/vinasfm.com\/noticias\/wp-json\/wp\/v2\/posts"}],"about":[{"href":"https:\/\/vinasfm.com\/noticias\/wp-json\/wp\/v2\/types\/post"}],"author":[{"embeddable":true,"href":"https:\/\/vinasfm.com\/noticias\/wp-json\/wp\/v2\/users\/7"}],"replies":[{"embeddable":true,"href":"https:\/\/vinasfm.com\/noticias\/wp-json\/wp\/v2\/comments?post=155337"}],"version-history":[{"count":2,"href":"https:\/\/vinasfm.com\/noticias\/wp-json\/wp\/v2\/posts\/155337\/revisions"}],"predecessor-version":[{"id":155346,"href":"https:\/\/vinasfm.com\/noticias\/wp-json\/wp\/v2\/posts\/155337\/revisions\/155346"}],"wp:featuredmedia":[{"embeddable":true,"href":"https:\/\/vinasfm.com\/noticias\/wp-json\/wp\/v2\/media\/155241"}],"wp:attachment":[{"href":"https:\/\/vinasfm.com\/noticias\/wp-json\/wp\/v2\/media?parent=155337"}],"wp:term":[{"taxonomy":"category","embeddable":true,"href":"https:\/\/vinasfm.com\/noticias\/wp-json\/wp\/v2\/categories?post=155337"},{"taxonomy":"post_tag","embeddable":true,"href":"https:\/\/vinasfm.com\/noticias\/wp-json\/wp\/v2\/tags?post=155337"}],"curies":[{"name":"wp","href":"https:\/\/api.w.org\/{rel}","templated":true}]}}