{"id":155334,"date":"2025-11-20T09:06:13","date_gmt":"2025-11-20T12:06:13","guid":{"rendered":"https:\/\/vinasfm.com\/noticias\/?p=155334"},"modified":"2025-11-21T08:43:58","modified_gmt":"2025-11-21T11:43:58","slug":"mendoza-implemento-por-primera-vez-la-evaluacion-de-desempeno-docente-en-el-nivel-superior","status":"publish","type":"post","link":"https:\/\/vinasfm.com\/noticias\/mendoza-implemento-por-primera-vez-la-evaluacion-de-desempeno-docente-en-el-nivel-superior\/","title":{"rendered":"MENDOZA IMPLEMENT\u00d3 POR PRIMERA VEZ LA EVALUACI\u00d3N DE DESEMPE\u00d1O DOCENTE EN EL NIVEL SUPERIOR"},"content":{"rendered":"<h4 class=\"wp-block-heading\"><span style=\"color: #003300;\"><strong>En esta primera instancia solo aplicaron cinco docentes por instituto, donde cada uno realiz\u00f3 su propia autoevaluaci\u00f3n.<\/strong><\/span><\/h4>\n<p>Por primera vez en la provincia, la D<strong>irecci\u00f3n de Educaci\u00f3n Superior<\/strong><em> (DES)<\/em> de la<strong> Direcci\u00f3n General de Escuelas<\/strong> <em>(DGE)<\/em> implement\u00f3 el dispositivo de <em><strong>Evaluaci\u00f3n de Desempe\u00f1o Docente,<\/strong><\/em> mediante una prueba piloto realizada la semana pasada en todos los Institutos de Educaci\u00f3n Superior (IES) de gesti\u00f3n estatal.<\/p>\n<p>El procedimiento se enmarca en la Ley 6970 y en el Decreto 530\/18, que establecen que los docentes titulares deben ser evaluados cada dos a\u00f1os, siendo esta instancia un requisito indispensable para conservar su titularidad, inicialmente otorgada por un per\u00edodo de siete a\u00f1os.<\/p>\n<p>El proceso innovador se sostiene sobre una evoluci\u00f3n 360, ya que contempla la participaci\u00f3n de diversos actores del \u00e1mbito educativo. En esta primera instancia<strong> solo aplicaron cinco docentes por instituto, donde cada uno realiz\u00f3 su propia autoevaluaci\u00f3n. Adem\u00e1s, los estudiantes evaluaron el desempe\u00f1o del docente en los espacios curriculares que cursan.<\/strong><\/p>\n<p>Para 2026 est\u00e1 previsto que el dispositivo abarque a todos los docentes titulares y sume la valoraci\u00f3n de otros actores educativos como los equipos de gobierno y de gesti\u00f3n acad\u00e9mica de cada instituci\u00f3n. <strong>La tarea se llev\u00f3 a cabo dentro del Sistema de Gesti\u00f3n Acad\u00e9mica, garantizando plena confidencialidad de la informaci\u00f3n, ya que la informaci\u00f3n procesada derivar\u00e1 en la evaluaci\u00f3n de desempe\u00f1o docente de cada profesional, que ser\u00e1 notificada de manera individual con la correspondiente retroalimentaci\u00f3n.<\/strong><\/p>\n<p>Las autoridades educativas destacaron que esta instancia no se limita al cumplimiento normativo, sino que apunta a fortalecer las pr\u00e1cticas profesionales, promover la actualizaci\u00f3n pedag\u00f3gica e impulsar una cultura institucional de evaluaci\u00f3n y mejora continua.<\/p>\n<p>Para la <em>directora de Educaci\u00f3n Superior<\/em>, <span style=\"color: #003366;\"><strong>Mariela Carina Ramos<\/strong><\/span>, este primer operativo representa<em><strong> \u201cun avance fundamental para consolidar pol\u00edticas de calidad educativa en el Nivel Superior\u201d<\/strong><\/em>, incorporando miradas diversas y promoviendo la innovaci\u00f3n pedag\u00f3gica en los institutos estatales de Mendoza.<\/p>\n","protected":false},"excerpt":{"rendered":"<p>En esta primera instancia solo aplicaron cinco docentes por instituto, donde cada uno realiz\u00f3 su propia autoevaluaci\u00f3n. Por primera vez en &#8230;<\/p>\n","protected":false},"author":7,"featured_media":155335,"comment_status":"open","ping_status":"open","sticky":false,"template":"","format":"standard","meta":{"footnotes":""},"categories":[74,77],"tags":[],"class_list":["post-155334","post","type-post","status-publish","format-standard","has-post-thumbnail","hentry","category-dge","category-gobierno"],"_links":{"self":[{"href":"https:\/\/vinasfm.com\/noticias\/wp-json\/wp\/v2\/posts\/155334","targetHints":{"allow":["GET"]}}],"collection":[{"href":"https:\/\/vinasfm.com\/noticias\/wp-json\/wp\/v2\/posts"}],"about":[{"href":"https:\/\/vinasfm.com\/noticias\/wp-json\/wp\/v2\/types\/post"}],"author":[{"embeddable":true,"href":"https:\/\/vinasfm.com\/noticias\/wp-json\/wp\/v2\/users\/7"}],"replies":[{"embeddable":true,"href":"https:\/\/vinasfm.com\/noticias\/wp-json\/wp\/v2\/comments?post=155334"}],"version-history":[{"count":1,"href":"https:\/\/vinasfm.com\/noticias\/wp-json\/wp\/v2\/posts\/155334\/revisions"}],"predecessor-version":[{"id":155336,"href":"https:\/\/vinasfm.com\/noticias\/wp-json\/wp\/v2\/posts\/155334\/revisions\/155336"}],"wp:featuredmedia":[{"embeddable":true,"href":"https:\/\/vinasfm.com\/noticias\/wp-json\/wp\/v2\/media\/155335"}],"wp:attachment":[{"href":"https:\/\/vinasfm.com\/noticias\/wp-json\/wp\/v2\/media?parent=155334"}],"wp:term":[{"taxonomy":"category","embeddable":true,"href":"https:\/\/vinasfm.com\/noticias\/wp-json\/wp\/v2\/categories?post=155334"},{"taxonomy":"post_tag","embeddable":true,"href":"https:\/\/vinasfm.com\/noticias\/wp-json\/wp\/v2\/tags?post=155334"}],"curies":[{"name":"wp","href":"https:\/\/api.w.org\/{rel}","templated":true}]}}