{"id":155331,"date":"2025-11-20T09:02:41","date_gmt":"2025-11-20T12:02:41","guid":{"rendered":"https:\/\/vinasfm.com\/noticias\/?p=155331"},"modified":"2025-11-21T08:44:10","modified_gmt":"2025-11-21T11:44:10","slug":"duraznos-tempranos-arranco-la-cosecha-en-san-rafael","status":"publish","type":"post","link":"https:\/\/vinasfm.com\/noticias\/duraznos-tempranos-arranco-la-cosecha-en-san-rafael\/","title":{"rendered":"DURAZNOS TEMPRANOS: ARRANC\u00d3 LA COSECHA EN EL SUR MENDOCINO"},"content":{"rendered":"<div class=\"xdj266r x14z9mp xat24cr x1lziwak x1vvkbs x126k92a\">\n<h4 dir=\"auto\"><span style=\"color: #003300;\"><strong>La temporada frut\u00edcola empez\u00f3 a asomar en las fincas del sur mendocino con la cosecha de los primeros duraznos tempranos, destinados en gran parte al consumo en fresco. <\/strong><\/span><\/h4>\n<div dir=\"auto\">Los productores ya ofrecen los cajones \u2014a trav\u00e9s de venta directa y Marketplace\u2014 entre 20 y 25 mil pesos, seg\u00fan calibre, variedad y calidad.<\/div>\n<div dir=\"auto\"><\/div>\n<div dir=\"auto\">Aunque la superficie implantada cay\u00f3 a 1.750 hect\u00e1reas y qued\u00f3 muy lejos de las m\u00e1s de 3.100 que hab\u00eda hace dos d\u00e9cadas,<strong> el durazno sigue siendo un cultivo emblem\u00e1tico de San Rafael y General Alvear.<\/strong> Cambios en la rentabilidad, la mano de obra y las demandas del mercado redibujaron el mapa productivo, pero quienes se mantienen destacan la calidad del fruto local.<\/div>\n<\/div>\n<div class=\"x14z9mp xat24cr x1lziwak x1vvkbs xtlvy1s x126k92a\">\n<div dir=\"auto\"><\/div>\n<div dir=\"auto\">Con la recolecci\u00f3n temprana en marcha, <strong>el sector espera que el clima y los precios acompa\u00f1en cuando la cosecha se generalice en las pr\u00f3ximas semanas, en un a\u00f1o que vuelve a poner a prueba la resistencia y el oficio de los fruticultores del sur.<\/strong><\/div>\n<\/div>\n<div dir=\"auto\"><\/div>\n<h6 dir=\"auto\"><a class=\"x1i10hfl xjbqb8w x1ejq31n x18oe1m7 x1sy0etr xstzfhl x972fbf x10w94by x1qhh985 x14e42zd x9f619 x1ypdohk xt0psk2 x3ct3a4 xdj266r x14z9mp xat24cr x1lziwak xexx8yu xyri2b x18d9i69 x1c1uobl x16tdsg8 x1hl2dhg xggy1nq x1a2a7pz xkrqix3 x1sur9pj xzsf02u x1s688f\" tabindex=\"0\" role=\"link\" href=\"https:\/\/www.facebook.com\/sanrafaelaltoque?__cft__[0]=AZW9-suR01HukiKlZ3JQ7dQ0ugR9DA9E0PGZ_13y54xWFnSXPsCaNjTKUl1H6rydEmJYZauUpN5DAhfuYjy7Yy_JpzJRSC_ImSD6Fbyb4pfkkhnCGIun7GHBduoaa05Ym37xWKJx91VlhWm4yldFoleitbqaVCSKEsDYuUzM18-iHY8HovYzTVAsFQAsXDxnpsahtGqC4LMUBZlM-vtRw8A5&amp;__tn__=-UC%2CP-y-R\"><b class=\"html-b xdj266r x14z9mp xat24cr x1lziwak xexx8yu xyri2b x18d9i69 x1c1uobl x1hl2dhg x16tdsg8 x1vvkbs x1s688f\"><span class=\"html-span xdj266r x14z9mp xat24cr x1lziwak xexx8yu xyri2b x18d9i69 x1c1uobl x1hl2dhg x16tdsg8 x1vvkbs\">San Rafael al Toque<\/span><\/b><\/a><\/h6>\n","protected":false},"excerpt":{"rendered":"<p>La temporada frut\u00edcola empez\u00f3 a asomar en las fincas del sur mendocino con la cosecha de los primeros duraznos tempranos, destinados &#8230;<\/p>\n","protected":false},"author":7,"featured_media":155332,"comment_status":"open","ping_status":"open","sticky":false,"template":"","format":"standard","meta":{"footnotes":""},"categories":[14,10],"tags":[],"class_list":["post-155331","post","type-post","status-publish","format-standard","has-post-thumbnail","hentry","category-agro","category-destacadas"],"_links":{"self":[{"href":"https:\/\/vinasfm.com\/noticias\/wp-json\/wp\/v2\/posts\/155331","targetHints":{"allow":["GET"]}}],"collection":[{"href":"https:\/\/vinasfm.com\/noticias\/wp-json\/wp\/v2\/posts"}],"about":[{"href":"https:\/\/vinasfm.com\/noticias\/wp-json\/wp\/v2\/types\/post"}],"author":[{"embeddable":true,"href":"https:\/\/vinasfm.com\/noticias\/wp-json\/wp\/v2\/users\/7"}],"replies":[{"embeddable":true,"href":"https:\/\/vinasfm.com\/noticias\/wp-json\/wp\/v2\/comments?post=155331"}],"version-history":[{"count":2,"href":"https:\/\/vinasfm.com\/noticias\/wp-json\/wp\/v2\/posts\/155331\/revisions"}],"predecessor-version":[{"id":155347,"href":"https:\/\/vinasfm.com\/noticias\/wp-json\/wp\/v2\/posts\/155331\/revisions\/155347"}],"wp:featuredmedia":[{"embeddable":true,"href":"https:\/\/vinasfm.com\/noticias\/wp-json\/wp\/v2\/media\/155332"}],"wp:attachment":[{"href":"https:\/\/vinasfm.com\/noticias\/wp-json\/wp\/v2\/media?parent=155331"}],"wp:term":[{"taxonomy":"category","embeddable":true,"href":"https:\/\/vinasfm.com\/noticias\/wp-json\/wp\/v2\/categories?post=155331"},{"taxonomy":"post_tag","embeddable":true,"href":"https:\/\/vinasfm.com\/noticias\/wp-json\/wp\/v2\/tags?post=155331"}],"curies":[{"name":"wp","href":"https:\/\/api.w.org\/{rel}","templated":true}]}}