{"id":155294,"date":"2025-11-19T10:48:42","date_gmt":"2025-11-19T13:48:42","guid":{"rendered":"https:\/\/vinasfm.com\/noticias\/?p=155294"},"modified":"2025-11-20T10:22:53","modified_gmt":"2025-11-20T13:22:53","slug":"el-municipio-abre-inscripciones-para-las-colonias-de-verano-nuevas-sedes-transporte-y-mas-servicios","status":"publish","type":"post","link":"https:\/\/vinasfm.com\/noticias\/el-municipio-abre-inscripciones-para-las-colonias-de-verano-nuevas-sedes-transporte-y-mas-servicios\/","title":{"rendered":"EL MUNICIPIO ABRE INSCRIPCIONES PARA LAS COLONIAS DE VERANO: NUEVAS SEDES, TRANSPORTE Y M\u00c1S SERVICIOS"},"content":{"rendered":"<h4><span style=\"color: #003300;\"><strong>El director de Deportes del municipio, Prof. Alberto G\u00f3mez, anunci\u00f3 en di\u00e1logo con FM VI\u00d1AS que las inscripciones para las colonias de verano abrir\u00e1n a principios de diciembre, en el marco de una temporada que contar\u00e1 con m\u00e1s sedes, mejoras en infraestructura y ampliaci\u00f3n de servicios para garantizar \u201cel verano que se merecen todos los chicos del departamento\u201d.<\/strong><\/span><\/h4>\n<p>G\u00f3mez explic\u00f3 que el municipio ofrecer\u00e1 <strong>tres colonias principales<\/strong> \u2014Ciudad, Bowen y Carmensa\u2014 adem\u00e1s de <strong>centros recreativos gratuitos<\/strong> en zonas m\u00e1s alejadas. <em><strong>\u201cEn Ciudad, Carmensa y Bowen hay un valor m\u00ednimo de 12.000 pesos por temporada, algo simb\u00f3lico\u201d<\/strong><\/em>, aclar\u00f3 el funcionario.<\/p>\n<p>El director asegur\u00f3 que ya se trabaja en la puesta a punto de las instalaciones: <strong><em>\u201cSe est\u00e1n pintando las piletas y acondicionando todo para empezar de la mejor manera posible\u201d.<\/em><\/strong><\/p>\n<p>Adem\u00e1s, detall\u00f3 los lugares donde funcionar\u00e1n los centros recreativos:<\/p>\n<ul>\n<li><strong>El Desv\u00edo<\/strong>, en calle 9, para la poblaci\u00f3n del Oeste.<\/li>\n<li><strong>Club Andes<\/strong>, que cubrir\u00e1 los barrios La Costa, La Isla, Los Ranqueles, San Carlos y zonas cercanas.<\/li>\n<\/ul>\n<h3>Estrategia de transporte y expectativas<\/h3>\n<p>Tras un 2023 r\u00e9cord, el municipio espera repetir la convocatoria. Para ello, se implementar\u00e1 una nueva estrategia de transporte destinada principalmente al sector oeste, donde se hab\u00edan detectado dificultades.<\/p>\n<p><em><strong>\u201cDecidimos agrupar los centros recreativos en uno y poner transporte para trasladar a los chicos de los barrios Matadero, Toscano y Zangrandi, para que tambi\u00e9n tengan la experiencia y convivan con otros ni\u00f1os\u201d<\/strong><\/em>, explic\u00f3 G\u00f3mez.<\/p>\n<h3>Fechas de inicio<\/h3>\n<p>El cronograma para la temporada ser\u00e1 el siguiente:<\/p>\n<ul>\n<li><strong>Colonias de Carmenza, Bowen y Ciudad:<\/strong> comienzan el <strong>16 de diciembre<\/strong>.<\/li>\n<li><strong>Centros recreativos:<\/strong> inician el <strong>5 de enero<\/strong>, el primer d\u00eda h\u00e1bil del mes.<\/li>\n<li><strong>Colonia de adultos:<\/strong> inscripciones a partir del <strong>15 de enero<\/strong>. Funcionar\u00e1n en febrero en Ciudad, Bowen y, por primera vez, tambi\u00e9n en <strong>Carmenza<\/strong>.<\/li>\n<\/ul>\n<p>Los equipos de trabajo de cada colonia incluir\u00e1n profesores, enfermeros y <strong>guardavidas<\/strong> en todos los espacios: <em><strong>\u201cHemos tratado de que no se nos escape ning\u00fan detalle\u201d<\/strong><\/em>, remarc\u00f3 G\u00f3mez.<\/p>\n<h3>Inscripciones<\/h3>\n<ul>\n<li><strong>Colonia de Ciudad:<\/strong> en el polideportivo, de <strong>8 a 13<\/strong> y de <strong>14.30 a 17.30<\/strong>.<\/li>\n<li><strong>Carmenza:<\/strong> en la delegaci\u00f3n correspondiente.<\/li>\n<li><strong>Bowen:<\/strong> ahora la inscripci\u00f3n se realizar\u00e1 directamente en la delegaci\u00f3n para mayor comodidad de los vecinos.<\/li>\n<li><strong>Centros recreativos:<\/strong> inscripci\u00f3n desde el <strong>15 de diciembre<\/strong>.<\/li>\n<\/ul>\n<p>&nbsp;<\/p>\n","protected":false},"excerpt":{"rendered":"<p>El director de Deportes del municipio, Prof. Alberto G\u00f3mez, anunci\u00f3 en di\u00e1logo con FM VI\u00d1AS que las inscripciones para las colonias &#8230;<\/p>\n","protected":false},"author":7,"featured_media":155293,"comment_status":"open","ping_status":"open","sticky":false,"template":"","format":"standard","meta":{"footnotes":""},"categories":[3,10],"tags":[],"class_list":["post-155294","post","type-post","status-publish","format-standard","has-post-thumbnail","hentry","category-deportes","category-destacadas"],"_links":{"self":[{"href":"https:\/\/vinasfm.com\/noticias\/wp-json\/wp\/v2\/posts\/155294","targetHints":{"allow":["GET"]}}],"collection":[{"href":"https:\/\/vinasfm.com\/noticias\/wp-json\/wp\/v2\/posts"}],"about":[{"href":"https:\/\/vinasfm.com\/noticias\/wp-json\/wp\/v2\/types\/post"}],"author":[{"embeddable":true,"href":"https:\/\/vinasfm.com\/noticias\/wp-json\/wp\/v2\/users\/7"}],"replies":[{"embeddable":true,"href":"https:\/\/vinasfm.com\/noticias\/wp-json\/wp\/v2\/comments?post=155294"}],"version-history":[{"count":4,"href":"https:\/\/vinasfm.com\/noticias\/wp-json\/wp\/v2\/posts\/155294\/revisions"}],"predecessor-version":[{"id":155298,"href":"https:\/\/vinasfm.com\/noticias\/wp-json\/wp\/v2\/posts\/155294\/revisions\/155298"}],"wp:featuredmedia":[{"embeddable":true,"href":"https:\/\/vinasfm.com\/noticias\/wp-json\/wp\/v2\/media\/155293"}],"wp:attachment":[{"href":"https:\/\/vinasfm.com\/noticias\/wp-json\/wp\/v2\/media?parent=155294"}],"wp:term":[{"taxonomy":"category","embeddable":true,"href":"https:\/\/vinasfm.com\/noticias\/wp-json\/wp\/v2\/categories?post=155294"},{"taxonomy":"post_tag","embeddable":true,"href":"https:\/\/vinasfm.com\/noticias\/wp-json\/wp\/v2\/tags?post=155294"}],"curies":[{"name":"wp","href":"https:\/\/api.w.org\/{rel}","templated":true}]}}