{"id":155290,"date":"2025-11-19T09:47:34","date_gmt":"2025-11-19T12:47:34","guid":{"rendered":"https:\/\/vinasfm.com\/noticias\/?p=155290"},"modified":"2025-11-20T09:33:56","modified_gmt":"2025-11-20T12:33:56","slug":"un-paraje-alejado-que-reunio-a-mas-de-500-personas-seniuk-destaco-los-festejos-por-el-113-aniversario-de-canalejas","status":"publish","type":"post","link":"https:\/\/vinasfm.com\/noticias\/un-paraje-alejado-que-reunio-a-mas-de-500-personas-seniuk-destaco-los-festejos-por-el-113-aniversario-de-canalejas\/","title":{"rendered":"\u201cUN PARAJE ALEJADO QUE REUNI\u00d3 A M\u00c1S DE 500 PERSONAS\u201d: SENIUK DESTAC\u00d3 LOS FESTEJOS POR EL 113\u00b0 ANIVERSARIO DE CANALEJAS"},"content":{"rendered":"<h4><span style=\"color: #003300;\"><strong>El paraje festej\u00f3 su 113\u00ba aniversario con una nutrida agenda de actividades comunitarias, que incluy\u00f3 cabalgatas, feria, reconocimientos y un acto oficial, en una jornada que reuni\u00f3 a m\u00e1s de 500 personas, seg\u00fan estim\u00f3 la Coordinadora de Parajes y Distritos, Cecilia Seniuk.<\/strong><\/span><\/h4>\n<p>En di\u00e1logo con <strong><span style=\"color: #993366;\">FM VI\u00d1AS<\/span><\/strong>, Seniuk destac\u00f3 que la celebraci\u00f3n fue el resultado de una labor organizativa intensa: <em><strong>\u201cLlev\u00f3 una organizaci\u00f3n de unos cuantos d\u00edas anteriores, pero sali\u00f3 todo de la mejor manera posible. Fueron muy convocantes porque adem\u00e1s hab\u00edan cabalgatas, un mont\u00f3n de actividades\u201d.<\/strong><\/em><\/p>\n<p>La cabalgata, que se gest\u00f3 alrededor del mes de mayo, conect\u00f3 a jinetes tanto desde Uni\u00f3n como desde Bowen, uniendo tradici\u00f3n y comunidad en un recorrido que la coordinadora calific\u00f3 como <em><strong>\u201cmuy lindo, con mucho respeto, y se vivi\u00f3 con mucha tradici\u00f3n\u201d.<\/strong><\/em><\/p>\n<p>Si bien el viento alter\u00f3 los planes al principio: el s\u00e1bado por la tarde se registraron fuertes r\u00e1fagas que provocaron da\u00f1os \u2014\u00e1rboles ca\u00eddos y postes de luz\u2014, los organizadores lograron reacomodar todo r\u00e1pidamente y llevar adelante el acto previsto. Acompa\u00f1aron la celebraci\u00f3n autoridades locales como el Secretario de Gobierno, el Presidente del Consejo y el Delegado.<\/p>\n<p>Durante el acto, se reconoci\u00f3 a vecinos que han trabajado de forma constante por el lugar. Seniuk se\u00f1al\u00f3 con orgullo que el hist\u00f3rico sal\u00f3n local \u2014inaugurado hace unos 25 a\u00f1os y escenario de coronaciones de reinas en fiestas ganaderas\u2014 volvi\u00f3 a brillar durante el festejo.<\/p>\n<p>Pese a que Canalejas es un paraje remoto \u2014ubicado a unos 100 km y con dificultades log\u00edsticas\u2014, la celebraci\u00f3n demostr\u00f3 su arraigo: m\u00e1s de 500 personas compartieron la velada<em><strong> \u201csin ning\u00fan solo problema\u201d<\/strong><\/em>, seg\u00fan coment\u00f3 Seniuk, quien adem\u00e1s adelant\u00f3 que ya hay propuestas para la pr\u00f3xima edici\u00f3n, con nuevas actividades.<\/p>\n<p>Entre los hitos del aniversario se cuenta la creaci\u00f3n de una peque\u00f1a plaza, equipada con juegos infantiles, una novedad para Canalejas, que seg\u00fan Seniuk nunca hab\u00eda tenido un espacio p\u00fablico as\u00ed.<em><strong> \u201cEs por primera vez que Canalejas tiene su plaza\u201d<\/strong><\/em>, se\u00f1al\u00f3, agradeciendo a las diferentes \u00e1reas del municipio por el apoyo. Tambi\u00e9n destac\u00f3 que ya<strong> se est\u00e1n planificando proyectos de forestaci\u00f3n y parquizado para embellecer el paraje, y que esas mejoras no solo beneficiar\u00e1n a los vecinos, sino que tambi\u00e9n dejar\u00e1n una buena impresi\u00f3n a quienes ingresan a Mendoza por esa zona.<\/strong><\/p>\n<p>La coordinaci\u00f3n para este evento implic\u00f3 movilizar recursos humanos y materiales, algo que, seg\u00fan Seniuk,<em><strong> \u201cse pudo hacer, siempre se puede\u201d<\/strong><\/em>. En sus propias palabras,<em><strong> \u201cesa es una de las dos puertas de oro del sur mendocino y sin duda hay que dar una buena impresi\u00f3n\u201d.<\/strong><\/em><\/p>\n<p>El 113.\u00ba aniversario de Canalejas se cerr\u00f3 con festejo, cuidado del espacio comunitario y una propuesta firme para seguir creciendo junto a sus habitantes, poniendo en valor la historia y el medio rural de la zona.<\/p>\n","protected":false},"excerpt":{"rendered":"<p>El paraje festej\u00f3 su 113\u00ba aniversario con una nutrida agenda de actividades comunitarias, que incluy\u00f3 cabalgatas, feria, reconocimientos y un acto &#8230;<\/p>\n","protected":false},"author":7,"featured_media":155289,"comment_status":"open","ping_status":"open","sticky":false,"template":"","format":"standard","meta":{"footnotes":""},"categories":[10,78],"tags":[],"class_list":["post-155290","post","type-post","status-publish","format-standard","has-post-thumbnail","hentry","category-destacadas","category-municipalidad"],"_links":{"self":[{"href":"https:\/\/vinasfm.com\/noticias\/wp-json\/wp\/v2\/posts\/155290","targetHints":{"allow":["GET"]}}],"collection":[{"href":"https:\/\/vinasfm.com\/noticias\/wp-json\/wp\/v2\/posts"}],"about":[{"href":"https:\/\/vinasfm.com\/noticias\/wp-json\/wp\/v2\/types\/post"}],"author":[{"embeddable":true,"href":"https:\/\/vinasfm.com\/noticias\/wp-json\/wp\/v2\/users\/7"}],"replies":[{"embeddable":true,"href":"https:\/\/vinasfm.com\/noticias\/wp-json\/wp\/v2\/comments?post=155290"}],"version-history":[{"count":1,"href":"https:\/\/vinasfm.com\/noticias\/wp-json\/wp\/v2\/posts\/155290\/revisions"}],"predecessor-version":[{"id":155291,"href":"https:\/\/vinasfm.com\/noticias\/wp-json\/wp\/v2\/posts\/155290\/revisions\/155291"}],"wp:featuredmedia":[{"embeddable":true,"href":"https:\/\/vinasfm.com\/noticias\/wp-json\/wp\/v2\/media\/155289"}],"wp:attachment":[{"href":"https:\/\/vinasfm.com\/noticias\/wp-json\/wp\/v2\/media?parent=155290"}],"wp:term":[{"taxonomy":"category","embeddable":true,"href":"https:\/\/vinasfm.com\/noticias\/wp-json\/wp\/v2\/categories?post=155290"},{"taxonomy":"post_tag","embeddable":true,"href":"https:\/\/vinasfm.com\/noticias\/wp-json\/wp\/v2\/tags?post=155290"}],"curies":[{"name":"wp","href":"https:\/\/api.w.org\/{rel}","templated":true}]}}