{"id":155264,"date":"2025-11-18T21:10:52","date_gmt":"2025-11-19T00:10:52","guid":{"rendered":"https:\/\/vinasfm.com\/noticias\/?p=155264"},"modified":"2025-11-19T12:12:00","modified_gmt":"2025-11-19T15:12:00","slug":"dolor-en-bowen-por-la-muerte-del-motociclista-embestido-por-una-camioneta-del-rally","status":"publish","type":"post","link":"https:\/\/vinasfm.com\/noticias\/dolor-en-bowen-por-la-muerte-del-motociclista-embestido-por-una-camioneta-del-rally\/","title":{"rendered":"DOLOR EN BOWEN POR LA MUERTE DEL MOTOCICLISTA EMBESTIDO POR UNA CAMIONETA DEL RALLY"},"content":{"rendered":"<h4>La comunidad del distrito de Bowen se encuentra sumida en una profunda conmoci\u00f3n tras confirmarse, en la tarde de este martes, el fallecimiento de Ezequiel Medina, el motociclista que hab\u00eda sido gravemente herido tras un accidente en el marco del reciente Rally.<\/h4>\n<p>Medina, de 43 a\u00f1os y oriundo de Bowen, <strong>hab\u00eda sido embestido por una camioneta mientras realizaba tareas de auxilio en la competencia automovil\u00edstica.<\/strong> El tr\u00e1gico suceso ocurri\u00f3 el pasado 9 de noviembre en la intersecci\u00f3n de las calles Jos\u00e9 Ingenieros y Sarmiento.<\/p>\n<p>Tras el accidente, el motociclista fue trasladado de urgencia al <em>Hospital Enfermeros Argentinos. Al d\u00eda siguiente, debido<\/em> a la gravedad de sus heridas, <strong>su estado de salud requiri\u00f3 -por orden de la ART- un posterior traslado al Hospital Espa\u00f1ol de San Rafael<\/strong>, donde finalmente perdi\u00f3 la vida pasadas las 14 horas de este martes, a ra\u00edz de las lesiones sufridas.<\/p>\n<p>La noticia gener\u00f3 un hondo pesar y tristeza en Bowen, donde Ezequiel Medina era un conocido vecino.<\/p>\n<h6>Tva General Alvear.<\/h6>\n","protected":false},"excerpt":{"rendered":"<p>La comunidad del distrito de Bowen se encuentra sumida en una profunda conmoci\u00f3n tras confirmarse, en la tarde de este martes, &#8230;<\/p>\n","protected":false},"author":7,"featured_media":155266,"comment_status":"open","ping_status":"open","sticky":false,"template":"","format":"standard","meta":{"footnotes":""},"categories":[5,10],"tags":[],"class_list":["post-155264","post","type-post","status-publish","format-standard","has-post-thumbnail","hentry","category-actualidad","category-destacadas"],"_links":{"self":[{"href":"https:\/\/vinasfm.com\/noticias\/wp-json\/wp\/v2\/posts\/155264","targetHints":{"allow":["GET"]}}],"collection":[{"href":"https:\/\/vinasfm.com\/noticias\/wp-json\/wp\/v2\/posts"}],"about":[{"href":"https:\/\/vinasfm.com\/noticias\/wp-json\/wp\/v2\/types\/post"}],"author":[{"embeddable":true,"href":"https:\/\/vinasfm.com\/noticias\/wp-json\/wp\/v2\/users\/7"}],"replies":[{"embeddable":true,"href":"https:\/\/vinasfm.com\/noticias\/wp-json\/wp\/v2\/comments?post=155264"}],"version-history":[{"count":4,"href":"https:\/\/vinasfm.com\/noticias\/wp-json\/wp\/v2\/posts\/155264\/revisions"}],"predecessor-version":[{"id":155269,"href":"https:\/\/vinasfm.com\/noticias\/wp-json\/wp\/v2\/posts\/155264\/revisions\/155269"}],"wp:featuredmedia":[{"embeddable":true,"href":"https:\/\/vinasfm.com\/noticias\/wp-json\/wp\/v2\/media\/155266"}],"wp:attachment":[{"href":"https:\/\/vinasfm.com\/noticias\/wp-json\/wp\/v2\/media?parent=155264"}],"wp:term":[{"taxonomy":"category","embeddable":true,"href":"https:\/\/vinasfm.com\/noticias\/wp-json\/wp\/v2\/categories?post=155264"},{"taxonomy":"post_tag","embeddable":true,"href":"https:\/\/vinasfm.com\/noticias\/wp-json\/wp\/v2\/tags?post=155264"}],"curies":[{"name":"wp","href":"https:\/\/api.w.org\/{rel}","templated":true}]}}