{"id":155260,"date":"2025-11-18T19:05:07","date_gmt":"2025-11-18T22:05:07","guid":{"rendered":"https:\/\/vinasfm.com\/noticias\/?p=155260"},"modified":"2025-11-18T19:05:07","modified_gmt":"2025-11-18T22:05:07","slug":"capacitacion-sobre-cuidados-de-bebes-prematuros-en-la-semana-del-recien-nacido-prematuro","status":"publish","type":"post","link":"https:\/\/vinasfm.com\/noticias\/capacitacion-sobre-cuidados-de-bebes-prematuros-en-la-semana-del-recien-nacido-prematuro\/","title":{"rendered":"CAPACITACI\u00d3N SOBRE CUIDADOS DE BEB\u00c9S PREMATUROS EN LA SEMANA DEL RECI\u00c9N NACIDO PREMATURO"},"content":{"rendered":"<h4><span style=\"color: #003300;\"><strong>En el marco de la Semana del Reci\u00e9n Nacido Prematuro, el Comit\u00e9 de Lactancia Materna desarroll\u00f3 una capacitaci\u00f3n destinada a fortalecer los cuidados y las medidas de prevenci\u00f3n para beb\u00e9s nacidos antes de t\u00e9rmino. La propuesta tuvo como eje principal promover pr\u00e1cticas que favorezcan el bienestar y el acompa\u00f1amiento adecuado durante los primeros meses de vida.<\/strong><\/span><\/h4>\n<p>La actividad cont\u00f3 con la participaci\u00f3n de una mam\u00e1 que adopt\u00f3 a un beb\u00e9 prematuro, quien comparti\u00f3 su experiencia y el proceso de acompa\u00f1amiento que transit\u00f3 junto a su hijo. Su testimonio aport\u00f3 una mirada cercana y enriquecedora para los asistentes.<\/p>\n<p>La jornada se llev\u00f3 a cabo en la <em>Escuela Mar\u00eda Teresa Ar\u00e1neo<\/em> y reuni\u00f3 a profesionales de la salud especializados en neonatolog\u00eda y en el cuidado integral de prematuros. <strong>Los especialistas expusieron conocimientos actualizados y abordaron diversas situaciones frecuentes en el seguimiento de estos ni\u00f1os.<\/strong><\/p>\n<p>La iniciativa reafirma el trabajo sostenido del Comit\u00e9 de Lactancia Materna en favor de la comunidad, con acciones orientadas a mejorar la calidad de vida de los reci\u00e9n nacidos prematuros y de sus familias. El Municipio, a trav\u00e9s del \u00e1rea de Municipio Saludable, <strong>acompa\u00f1a estas actividades como parte del comit\u00e9, consolidando su compromiso con la salud p\u00fablica y la prevenci\u00f3n.<\/strong><\/p>\n","protected":false},"excerpt":{"rendered":"<p>En el marco de la Semana del Reci\u00e9n Nacido Prematuro, el Comit\u00e9 de Lactancia Materna desarroll\u00f3 una capacitaci\u00f3n destinada a fortalecer &#8230;<\/p>\n","protected":false},"author":7,"featured_media":155262,"comment_status":"open","ping_status":"open","sticky":false,"template":"","format":"standard","meta":{"footnotes":""},"categories":[1],"tags":[],"class_list":["post-155260","post","type-post","status-publish","format-standard","has-post-thumbnail","hentry","category-fmvinas"],"_links":{"self":[{"href":"https:\/\/vinasfm.com\/noticias\/wp-json\/wp\/v2\/posts\/155260","targetHints":{"allow":["GET"]}}],"collection":[{"href":"https:\/\/vinasfm.com\/noticias\/wp-json\/wp\/v2\/posts"}],"about":[{"href":"https:\/\/vinasfm.com\/noticias\/wp-json\/wp\/v2\/types\/post"}],"author":[{"embeddable":true,"href":"https:\/\/vinasfm.com\/noticias\/wp-json\/wp\/v2\/users\/7"}],"replies":[{"embeddable":true,"href":"https:\/\/vinasfm.com\/noticias\/wp-json\/wp\/v2\/comments?post=155260"}],"version-history":[{"count":2,"href":"https:\/\/vinasfm.com\/noticias\/wp-json\/wp\/v2\/posts\/155260\/revisions"}],"predecessor-version":[{"id":155263,"href":"https:\/\/vinasfm.com\/noticias\/wp-json\/wp\/v2\/posts\/155260\/revisions\/155263"}],"wp:featuredmedia":[{"embeddable":true,"href":"https:\/\/vinasfm.com\/noticias\/wp-json\/wp\/v2\/media\/155262"}],"wp:attachment":[{"href":"https:\/\/vinasfm.com\/noticias\/wp-json\/wp\/v2\/media?parent=155260"}],"wp:term":[{"taxonomy":"category","embeddable":true,"href":"https:\/\/vinasfm.com\/noticias\/wp-json\/wp\/v2\/categories?post=155260"},{"taxonomy":"post_tag","embeddable":true,"href":"https:\/\/vinasfm.com\/noticias\/wp-json\/wp\/v2\/tags?post=155260"}],"curies":[{"name":"wp","href":"https:\/\/api.w.org\/{rel}","templated":true}]}}