{"id":155192,"date":"2025-11-17T10:24:58","date_gmt":"2025-11-17T13:24:58","guid":{"rendered":"https:\/\/vinasfm.com\/noticias\/?p=155192"},"modified":"2025-11-17T10:24:58","modified_gmt":"2025-11-17T13:24:58","slug":"convocatoria-clave-cecsagal-llama-a-asamblea-general-ordinaria-para-diciembre","status":"publish","type":"post","link":"https:\/\/vinasfm.com\/noticias\/convocatoria-clave-cecsagal-llama-a-asamblea-general-ordinaria-para-diciembre\/","title":{"rendered":"CONVOCATORIA CLAVE: CECSAGAL LLAMA A ASAMBLEA GENERAL ORDINARIA PARA DICIEMBRE"},"content":{"rendered":"<h4><strong>El Consejo de Administraci\u00f3n de la Cooperativa El\u00e9ctrica de General Alvear ha emitido una convocatoria oficial para la Asamblea General Ordinaria de Delegados, que se llevar\u00e1 a cabo el pr\u00f3ximo jueves 11 de diciembre de 2025.<\/strong><\/h4>\n<p>La importante reuni\u00f3n se realizar\u00e1 a las 21:00 horas en el predio de la CECSAGAL, ubicado en calle Diag. Carlos Pellegrini N\u00b0 1.839 de la ciudad.<\/p>\n<p><strong>Puntos Centrales del Orden del D\u00eda:<\/strong><\/p>\n<p>Seg\u00fan lo establecido en la convocatoria, durante la Asamblea se dar\u00e1 tratamiento y se someter\u00e1 a aprobaci\u00f3n la Memoria y Balance correspondiente al Ejercicio Econ\u00f3mico N\u00b0 73, cuyo cierre se efectu\u00f3 el 30 de junio de 2025.<\/p>\n<p><strong>Requisitos para los Delegados<\/strong><\/p>\n<p>Desde la Cooperativa, se reitera la solicitud a los delegados para concurrir a la cita con la documentaci\u00f3n obligatoria:<\/p>\n<ul>\n<li>\u00a0Credencial de Delegados<\/li>\n<li>Documento de identidad<\/li>\n<li>La documentaci\u00f3n previamente remitida.<\/li>\n<\/ul>\n<p>&nbsp;<\/p>\n","protected":false},"excerpt":{"rendered":"<p>El Consejo de Administraci\u00f3n de la Cooperativa El\u00e9ctrica de General Alvear ha emitido una convocatoria oficial para la Asamblea General Ordinaria &#8230;<\/p>\n","protected":false},"author":7,"featured_media":155196,"comment_status":"open","ping_status":"open","sticky":false,"template":"","format":"standard","meta":{"footnotes":""},"categories":[1],"tags":[],"class_list":["post-155192","post","type-post","status-publish","format-standard","has-post-thumbnail","hentry","category-fmvinas"],"_links":{"self":[{"href":"https:\/\/vinasfm.com\/noticias\/wp-json\/wp\/v2\/posts\/155192","targetHints":{"allow":["GET"]}}],"collection":[{"href":"https:\/\/vinasfm.com\/noticias\/wp-json\/wp\/v2\/posts"}],"about":[{"href":"https:\/\/vinasfm.com\/noticias\/wp-json\/wp\/v2\/types\/post"}],"author":[{"embeddable":true,"href":"https:\/\/vinasfm.com\/noticias\/wp-json\/wp\/v2\/users\/7"}],"replies":[{"embeddable":true,"href":"https:\/\/vinasfm.com\/noticias\/wp-json\/wp\/v2\/comments?post=155192"}],"version-history":[{"count":2,"href":"https:\/\/vinasfm.com\/noticias\/wp-json\/wp\/v2\/posts\/155192\/revisions"}],"predecessor-version":[{"id":155197,"href":"https:\/\/vinasfm.com\/noticias\/wp-json\/wp\/v2\/posts\/155192\/revisions\/155197"}],"wp:featuredmedia":[{"embeddable":true,"href":"https:\/\/vinasfm.com\/noticias\/wp-json\/wp\/v2\/media\/155196"}],"wp:attachment":[{"href":"https:\/\/vinasfm.com\/noticias\/wp-json\/wp\/v2\/media?parent=155192"}],"wp:term":[{"taxonomy":"category","embeddable":true,"href":"https:\/\/vinasfm.com\/noticias\/wp-json\/wp\/v2\/categories?post=155192"},{"taxonomy":"post_tag","embeddable":true,"href":"https:\/\/vinasfm.com\/noticias\/wp-json\/wp\/v2\/tags?post=155192"}],"curies":[{"name":"wp","href":"https:\/\/api.w.org\/{rel}","templated":true}]}}