{"id":155147,"date":"2025-11-17T08:12:16","date_gmt":"2025-11-17T11:12:16","guid":{"rendered":"https:\/\/vinasfm.com\/noticias\/?p=155147"},"modified":"2025-11-17T10:00:06","modified_gmt":"2025-11-17T13:00:06","slug":"ingreso-a-la-secundaria-mas-de-30-000-estudiantes-ya-tienen-banco","status":"publish","type":"post","link":"https:\/\/vinasfm.com\/noticias\/ingreso-a-la-secundaria-mas-de-30-000-estudiantes-ya-tienen-banco\/","title":{"rendered":"INGRESO A LA SECUNDARIA: M\u00c1S DE 30.000 ESTUDIANTES YA TIENEN BANCO"},"content":{"rendered":"<h4 class=\"wp-block-heading\"><span style=\"color: #003300;\">El gobierno escolar garantiza lugar para todos los estudiantes que comienzan primer a\u00f1o en el ciclo lectivo 2026. Quedan todav\u00eda dos instancias m\u00e1s para quienes a\u00fan no tienen vacante.<\/span><\/h4>\n<p>La <strong>Direcci\u00f3n General de Escuelas<\/strong><em> (DGE)<\/em> realiz\u00f3 este viernes la corrida inform\u00e1tica correspondiente a la segunda instancia de ingreso a primer a\u00f1o, donde participaron 9.182 nuevos aspirantes que ingresar\u00e1n al<strong> Nivel Secundario en el ciclo lectivo 2026.<\/strong><\/p>\n<p>En esta oportunidad ingresaron 7.119 estudiantes que ya tienen garantizado su lugar para dar continuidad a sus trayectorias escolares y en su paso de nivel educativo.<strong> Los resultados estar\u00e1n publicados el lunes 17 de noviembre, y se recuerda que, del 18 al 20 de noviembre, las familias deber\u00e1n realizar la confirmaci\u00f3n presencial en la escuela asignada para terminar el proceso efectivo del ingreso.<\/strong><\/p>\n<p>El acto cont\u00f3 con la presencia de la <em>coordinadora general de Pol\u00edticas Educativas<\/em>, <span style=\"color: #003366;\"><strong>Adriana Yenar\u00f3pulos<\/strong><\/span>; la <em>coordinadora de GEI (Gesti\u00f3n Educativa Integral)<\/em>,<span style=\"color: #003366;\"><strong> Claudia Federici<\/strong><\/span>; la <em>subdirectora de Educaci\u00f3n Secundaria<\/em>, <span style=\"color: #003366;\"><strong>Silvia Vega<\/strong><\/span>, y la <em>coordinadora de Educaci\u00f3n T\u00e9cnica<\/em>,<em> Laura Quiroga<\/em>. Esta instancia de ingreso se realiz\u00f3 con la presencia de la escribana Viviana Talquenca para garantizar transparencia en el proceso.<\/p>\n<p><em><strong>\u201cEs un d\u00eda importante ya que hoy se asignan bancos para estudiantes que se inscribieron en las escuelas estatales de la provincia. Se hizo un orden de m\u00e9rito a trav\u00e9s de un sistema informatizado. Se hicieron dos corridas, una primera de abanderados, y luego la otra, que corresponde al resto de los inscriptos\u201d<\/strong><\/em>, dijo la coordinadora general de Pol\u00edticas Educativas, Adriana Yenar\u00f3pulos.<\/p>\n<p>\u201cPara aquellos estudiantes que no obtuvieron su banco en esta instancia, queremos llevar tranquilidad a las familias, ya que la provincia cuenta con m\u00e1s de 3.000 lugares que todav\u00eda quedan en las escuelas de la DGE\u00bb, explic\u00f3 la funcionaria.<\/p>\n<p>Recordemos que, en la segunda instancia de inscripci\u00f3n, las familias junto a sus hijos e hijas pudieron optar entre 3 y 5 escuelas para continuar con los estudios obligatorios.<\/p>\n<p>Desde el gobierno escolar informaron que en la primera instancia, que se desarroll\u00f3 desde el 13 de octubre al 4 de noviembre, ya obtuvieron sus bancos 14.680 estudiantes. Adem\u00e1s, cerca de 7.000 alumnos y alumnas optaron por escuelas de gesti\u00f3n privada o que no dependen de la Direcci\u00f3n General de Escuelas.<\/p>\n<p><strong>Pr\u00f3ximas instancias de ingreso<\/strong><\/p>\n<p>Los estudiantes que todav\u00eda no obtuvieron su banco podr\u00e1n participar en las siguientes instancias:<\/p>\n<p><em>Tercera instancia\u00a0<\/em>\u2013 Noviembre (presencial en Supervisi\u00f3n)<\/p>\n<ul>\n<li>Del 25 al 28 de noviembre: asignaci\u00f3n de bancos seg\u00fan vacantes disponibles que tenga cada instituci\u00f3n educativa.<\/li>\n<\/ul>\n<p><em>Cuarta instancia<\/em>\u00a0\u2013 Diciembre (virtual y presencial)<\/p>\n<ul>\n<li>Del 1 al 3 de diciembre: preinscripci\u00f3n virtual v\u00eda correo electr\u00f3nico.<\/li>\n<li>Del 4 al 10 de diciembre: asignaci\u00f3n de banco.<\/li>\n<li>Del 4 al 11 de diciembre: confirmaci\u00f3n presencial en la escuela asignada.<\/li>\n<\/ul>\n","protected":false},"excerpt":{"rendered":"<p>El gobierno escolar garantiza lugar para todos los estudiantes que comienzan primer a\u00f1o en el ciclo lectivo 2026. Quedan todav\u00eda dos &#8230;<\/p>\n","protected":false},"author":7,"featured_media":155148,"comment_status":"open","ping_status":"open","sticky":false,"template":"","format":"standard","meta":{"footnotes":""},"categories":[10,18],"tags":[],"class_list":["post-155147","post","type-post","status-publish","format-standard","has-post-thumbnail","hentry","category-destacadas","category-educacion"],"_links":{"self":[{"href":"https:\/\/vinasfm.com\/noticias\/wp-json\/wp\/v2\/posts\/155147","targetHints":{"allow":["GET"]}}],"collection":[{"href":"https:\/\/vinasfm.com\/noticias\/wp-json\/wp\/v2\/posts"}],"about":[{"href":"https:\/\/vinasfm.com\/noticias\/wp-json\/wp\/v2\/types\/post"}],"author":[{"embeddable":true,"href":"https:\/\/vinasfm.com\/noticias\/wp-json\/wp\/v2\/users\/7"}],"replies":[{"embeddable":true,"href":"https:\/\/vinasfm.com\/noticias\/wp-json\/wp\/v2\/comments?post=155147"}],"version-history":[{"count":2,"href":"https:\/\/vinasfm.com\/noticias\/wp-json\/wp\/v2\/posts\/155147\/revisions"}],"predecessor-version":[{"id":155150,"href":"https:\/\/vinasfm.com\/noticias\/wp-json\/wp\/v2\/posts\/155147\/revisions\/155150"}],"wp:featuredmedia":[{"embeddable":true,"href":"https:\/\/vinasfm.com\/noticias\/wp-json\/wp\/v2\/media\/155148"}],"wp:attachment":[{"href":"https:\/\/vinasfm.com\/noticias\/wp-json\/wp\/v2\/media?parent=155147"}],"wp:term":[{"taxonomy":"category","embeddable":true,"href":"https:\/\/vinasfm.com\/noticias\/wp-json\/wp\/v2\/categories?post=155147"},{"taxonomy":"post_tag","embeddable":true,"href":"https:\/\/vinasfm.com\/noticias\/wp-json\/wp\/v2\/tags?post=155147"}],"curies":[{"name":"wp","href":"https:\/\/api.w.org\/{rel}","templated":true}]}}