{"id":155120,"date":"2025-11-15T10:17:21","date_gmt":"2025-11-15T13:17:21","guid":{"rendered":"https:\/\/vinasfm.com\/noticias\/?p=155120"},"modified":"2025-11-17T09:03:17","modified_gmt":"2025-11-17T12:03:17","slug":"robaron-una-bicicleta-frente-a-un-supermercado","status":"publish","type":"post","link":"https:\/\/vinasfm.com\/noticias\/robaron-una-bicicleta-frente-a-un-supermercado\/","title":{"rendered":"ROBARON UNA BICICLETA FRENTE A UN SUPERMERCADO\u00a0"},"content":{"rendered":"<h4><strong>Un nuevo hecho delictivo se registr\u00f3 en la noche del viernes en General Alvear. Seg\u00fan informaron desde la Comisar\u00eda 14, alrededor de las 23:30 horas se denunci\u00f3 el robo de una bicicleta en la intersecci\u00f3n de Avenida Libertador Norte y 9 de Julio.<\/strong><\/h4>\n<p>La v\u00edctima, <strong>un hombre de 33 a\u00f1os identificado como C.N.L<\/strong>., hab\u00eda dejado <strong>su bicicleta rodado 29 asegurada con cadena y candado frente a un supermercado<\/strong> antes de asistir a un partido de f\u00fatbol. Al regresar, constat\u00f3 que personas desconocidas hab\u00edan cortado la cadena y sustra\u00eddo el rodado.<\/p>\n<p>La novedad fue comunicada al Ayudante Fiscal, Dr. Jarmolzuck, quien dispuso las actuaciones correspondientes y las medidas de rigor para avanzar en la investigaci\u00f3n. <strong>Las autoridades contin\u00faan trabajando para dar con los responsables del hecho.<\/strong><\/p>\n","protected":false},"excerpt":{"rendered":"<p>Un nuevo hecho delictivo se registr\u00f3 en la noche del viernes en General Alvear. Seg\u00fan informaron desde la Comisar\u00eda 14, alrededor &#8230;<\/p>\n","protected":false},"author":7,"featured_media":155121,"comment_status":"open","ping_status":"open","sticky":false,"template":"","format":"standard","meta":{"footnotes":""},"categories":[201,4],"tags":[],"class_list":["post-155120","post","type-post","status-publish","format-standard","has-post-thumbnail","hentry","category-inseguridad","category-policiales"],"_links":{"self":[{"href":"https:\/\/vinasfm.com\/noticias\/wp-json\/wp\/v2\/posts\/155120","targetHints":{"allow":["GET"]}}],"collection":[{"href":"https:\/\/vinasfm.com\/noticias\/wp-json\/wp\/v2\/posts"}],"about":[{"href":"https:\/\/vinasfm.com\/noticias\/wp-json\/wp\/v2\/types\/post"}],"author":[{"embeddable":true,"href":"https:\/\/vinasfm.com\/noticias\/wp-json\/wp\/v2\/users\/7"}],"replies":[{"embeddable":true,"href":"https:\/\/vinasfm.com\/noticias\/wp-json\/wp\/v2\/comments?post=155120"}],"version-history":[{"count":1,"href":"https:\/\/vinasfm.com\/noticias\/wp-json\/wp\/v2\/posts\/155120\/revisions"}],"predecessor-version":[{"id":155122,"href":"https:\/\/vinasfm.com\/noticias\/wp-json\/wp\/v2\/posts\/155120\/revisions\/155122"}],"wp:featuredmedia":[{"embeddable":true,"href":"https:\/\/vinasfm.com\/noticias\/wp-json\/wp\/v2\/media\/155121"}],"wp:attachment":[{"href":"https:\/\/vinasfm.com\/noticias\/wp-json\/wp\/v2\/media?parent=155120"}],"wp:term":[{"taxonomy":"category","embeddable":true,"href":"https:\/\/vinasfm.com\/noticias\/wp-json\/wp\/v2\/categories?post=155120"},{"taxonomy":"post_tag","embeddable":true,"href":"https:\/\/vinasfm.com\/noticias\/wp-json\/wp\/v2\/tags?post=155120"}],"curies":[{"name":"wp","href":"https:\/\/api.w.org\/{rel}","templated":true}]}}