{"id":155075,"date":"2025-11-14T10:18:38","date_gmt":"2025-11-14T13:18:38","guid":{"rendered":"https:\/\/vinasfm.com\/noticias\/?p=155075"},"modified":"2025-11-15T10:30:31","modified_gmt":"2025-11-15T13:30:31","slug":"el-gobierno-analiza-eliminar-monotributo-y-bajar-piso-de-ganancias","status":"publish","type":"post","link":"https:\/\/vinasfm.com\/noticias\/el-gobierno-analiza-eliminar-monotributo-y-bajar-piso-de-ganancias\/","title":{"rendered":"EL GOBIERNO ANALIZA ELIMINAR MONOTRIBUTO Y BAJAR PISO DE GANANCIAS"},"content":{"rendered":"<h4><span style=\"color: #003300;\">La informaci\u00f3n trascendi\u00f3 tras reuniones con empresarios. El objetivo es \u201cformalizar\u201d la econom\u00eda.<\/span><\/h4>\n<p>El Gobierno analiza eliminar el Monotributo y bajar el piso de Ganancias, en el marco de reformas con las que busca formalizar la econom\u00eda.<\/p>\n<p>De acuerdo con informaci\u00f3n que trascendi\u00f3, el Gobierno les dijo a empresarios que estudia estas modificaciones y que en el nuevo esquema podr\u00eda pasar a todos los contribuyentes al r\u00e9gimen general.<\/p>\n<p>El objetivo es \u201c<em>formalizar<\/em>\u201d la econom\u00eda, seg\u00fan reuniones que mantuvo el equipo econ\u00f3mico con el sector privado.<\/p>\n<h3 id=\"h-principales-cambios-que-evalua-el-gobierno\" class=\"wp-block-heading\">Principales cambios que eval\u00faa el Gobierno<\/h3>\n<ul class=\"wp-block-list\">\n<li><strong>Monotributistas:\u00a0<\/strong>\u00a0eliminar\u00edan el r\u00e9gimen y los contribuyentes pasar\u00edan a aut\u00f3nomos.<\/li>\n<li><strong>Aut\u00f3nomos:\u00a0<\/strong>se eval\u00faa una escala de $100.000 a $500.000 y habilitar deducciones de gastos personales. en cuanto al IVA, se fija un umbral m\u00ednimo equivalente a la Categor\u00eda F del monotributo ($3 millones mensuales).<\/li>\n<li><strong>Ganancias:<\/strong>\u00a0evaluan la creaci\u00f3n de un \u00fanico m\u00ednimo no imponible equivalente a un salario promedio de $1,7 millones en 2025.<\/li>\n<li><strong>Nuevo r\u00e9gimen de empleo:\u00a0<\/strong>para las empresas con empleados en relaci\u00f3n de dependencia se plantea la reducci\u00f3n de contribuciones y aportes para nuevas relaciones laborales. Aplicar\u00eda tambi\u00e9n para trabajadores que estuvieron 6 meses sin empleo y ex monotributistas.<\/li>\n<\/ul>\n<p>&nbsp;<\/p>\n","protected":false},"excerpt":{"rendered":"<p>La informaci\u00f3n trascendi\u00f3 tras reuniones con empresarios. El objetivo es \u201cformalizar\u201d la econom\u00eda. El Gobierno analiza eliminar el Monotributo y bajar &#8230;<\/p>\n","protected":false},"author":7,"featured_media":155077,"comment_status":"open","ping_status":"open","sticky":false,"template":"","format":"standard","meta":{"footnotes":""},"categories":[16,77],"tags":[],"class_list":["post-155075","post","type-post","status-publish","format-standard","has-post-thumbnail","hentry","category-economia","category-gobierno"],"_links":{"self":[{"href":"https:\/\/vinasfm.com\/noticias\/wp-json\/wp\/v2\/posts\/155075","targetHints":{"allow":["GET"]}}],"collection":[{"href":"https:\/\/vinasfm.com\/noticias\/wp-json\/wp\/v2\/posts"}],"about":[{"href":"https:\/\/vinasfm.com\/noticias\/wp-json\/wp\/v2\/types\/post"}],"author":[{"embeddable":true,"href":"https:\/\/vinasfm.com\/noticias\/wp-json\/wp\/v2\/users\/7"}],"replies":[{"embeddable":true,"href":"https:\/\/vinasfm.com\/noticias\/wp-json\/wp\/v2\/comments?post=155075"}],"version-history":[{"count":1,"href":"https:\/\/vinasfm.com\/noticias\/wp-json\/wp\/v2\/posts\/155075\/revisions"}],"predecessor-version":[{"id":155078,"href":"https:\/\/vinasfm.com\/noticias\/wp-json\/wp\/v2\/posts\/155075\/revisions\/155078"}],"wp:featuredmedia":[{"embeddable":true,"href":"https:\/\/vinasfm.com\/noticias\/wp-json\/wp\/v2\/media\/155077"}],"wp:attachment":[{"href":"https:\/\/vinasfm.com\/noticias\/wp-json\/wp\/v2\/media?parent=155075"}],"wp:term":[{"taxonomy":"category","embeddable":true,"href":"https:\/\/vinasfm.com\/noticias\/wp-json\/wp\/v2\/categories?post=155075"},{"taxonomy":"post_tag","embeddable":true,"href":"https:\/\/vinasfm.com\/noticias\/wp-json\/wp\/v2\/tags?post=155075"}],"curies":[{"name":"wp","href":"https:\/\/api.w.org\/{rel}","templated":true}]}}