{"id":155059,"date":"2025-11-14T08:24:42","date_gmt":"2025-11-14T11:24:42","guid":{"rendered":"https:\/\/vinasfm.com\/noticias\/?p=155059"},"modified":"2025-11-14T08:24:42","modified_gmt":"2025-11-14T11:24:42","slug":"alerta-meteorologica-en-mendoza-tormentas-fuertes-y-posible-granizo","status":"publish","type":"post","link":"https:\/\/vinasfm.com\/noticias\/alerta-meteorologica-en-mendoza-tormentas-fuertes-y-posible-granizo\/","title":{"rendered":"ALERTA METEOROL\u00d3GICA EN MENDOZA: TORMENTAS FUERTES Y POSIBLE GRANIZO"},"content":{"rendered":"<h4><span style=\"color: #003300;\"><strong>El Servicio Meteorol\u00f3gico Nacional (SMN) y Defensa Civil de Mendoza han emitido una Alerta Amarilla y Naranja por la inminente llegada de tormentas fuertes a gran parte de la provincia de Mendoza, con advertencias que rigen hasta la ma\u00f1ana del s\u00e1bado 15 de noviembre de 2025.<\/strong><\/span><\/h4>\n<p>La alerta, actualizada a las 09:00 horas del viernes 14 de noviembre, indica la probabilidad de tormentas con precipitaciones de fuerte intensidad por sectores, probable ca\u00edda de granizo, actividad el\u00e9ctrica y r\u00e1fagas de viento.<\/p>\n<p><strong>Las zonas que se encuentran bajo alerta se dividen por nivel de riesgo:<\/strong><\/p>\n<p>Alerta Naranja: Implica que se esperan fen\u00f3menos peligrosos para la sociedad, la vida, los bienes y el medio ambiente.<\/p>\n<ul>\n<li>Zonas: <strong>Capital, Godoy Cruz, Guaymall\u00e9n, Maip\u00fa, Jun\u00edn, Rivadavia, Valles de Luj\u00e1n de Cuyo, Valles de San Carlos, Valles de Tupungato, Valles de Tunuy\u00e1n, La Paz, Lavalle, San Mart\u00edn, Santa Rosa, Este de Las Heras, General Alvear, Zona Baja de San Rafael y Zona Baja de Malarg\u00fce.<\/strong><\/li>\n<\/ul>\n<p>Alerta Amarilla: Implica posibles fen\u00f3menos meteorol\u00f3gicos con capacidad de da\u00f1o y riesgo de interrupci\u00f3n moment\u00e1nea de actividades cotidianas.<\/p>\n<ul>\n<li>Zonas: <strong>Precordillera de Las Heras, Precordillera de Luj\u00e1n de Cuyo, Cordillera de San Carlos, Cordillera de Tunuy\u00e1n, Cordillera de Tupungato, Cordillera de Malarg\u00fce y Cordillera de San Rafael.<\/strong><\/li>\n<\/ul>\n<h3><a href=\"https:\/\/vinasfm.com\/noticias\/wp-content\/uploads\/2025\/11\/IMG-20251114-WA0006.jpg\"><img loading=\"lazy\" decoding=\"async\" class=\"alignnone size-full wp-image-155058\" src=\"https:\/\/vinasfm.com\/noticias\/wp-content\/uploads\/2025\/11\/IMG-20251114-WA0006.jpg\" alt=\"\" width=\"720\" height=\"499\" srcset=\"https:\/\/vinasfm.com\/noticias\/wp-content\/uploads\/2025\/11\/IMG-20251114-WA0006.jpg 720w, https:\/\/vinasfm.com\/noticias\/wp-content\/uploads\/2025\/11\/IMG-20251114-WA0006-300x208.jpg 300w\" sizes=\"auto, (max-width: 720px) 100vw, 720px\" \/><\/a><\/h3>\n<h3>Recomendaciones de Seguridad<\/h3>\n<p>La Direcci\u00f3n de Defensa Civil de Mendoza ha instado a la poblaci\u00f3n de las zonas afectadas a tomar medidas preventivas:<\/p>\n<ol>\n<li><strong>Prep\u00e1rate:<\/strong> Ante una alerta naranja, la recomendaci\u00f3n es prepararse para las condiciones clim\u00e1ticas adversas, siguiendo de cerca los avisos oficiales.<\/li>\n<li><strong> Asegurar Objetos:<\/strong> Retirar y asegurar objetos que puedan ser desplazados por el viento o la lluvia.<\/li>\n<li><strong> Extremar Precauci\u00f3n:<\/strong> Evitar actividades al aire libre y no permanecer cerca de postes de electricidad o \u00e1rboles.<\/li>\n<li><strong> Informaci\u00f3n Oficial:<\/strong> Seguir las indicaciones y actualizaciones del Servicio Meteorol\u00f3gico Nacional y Defensa Civil.<\/li>\n<\/ol>\n<p>Se recomienda a los ciudadanos mantenerse informados a trav\u00e9s de los canales oficiales y tomar todas las precauciones necesarias ante la inminente llegada de estas condiciones clim\u00e1ticas.<\/p>\n<p>&nbsp;<\/p>\n","protected":false},"excerpt":{"rendered":"<p>El Servicio Meteorol\u00f3gico Nacional (SMN) y Defensa Civil de Mendoza han emitido una Alerta Amarilla y Naranja por la inminente llegada &#8230;<\/p>\n","protected":false},"author":7,"featured_media":155057,"comment_status":"open","ping_status":"open","sticky":false,"template":"","format":"standard","meta":{"footnotes":""},"categories":[1],"tags":[],"class_list":["post-155059","post","type-post","status-publish","format-standard","has-post-thumbnail","hentry","category-fmvinas"],"_links":{"self":[{"href":"https:\/\/vinasfm.com\/noticias\/wp-json\/wp\/v2\/posts\/155059","targetHints":{"allow":["GET"]}}],"collection":[{"href":"https:\/\/vinasfm.com\/noticias\/wp-json\/wp\/v2\/posts"}],"about":[{"href":"https:\/\/vinasfm.com\/noticias\/wp-json\/wp\/v2\/types\/post"}],"author":[{"embeddable":true,"href":"https:\/\/vinasfm.com\/noticias\/wp-json\/wp\/v2\/users\/7"}],"replies":[{"embeddable":true,"href":"https:\/\/vinasfm.com\/noticias\/wp-json\/wp\/v2\/comments?post=155059"}],"version-history":[{"count":2,"href":"https:\/\/vinasfm.com\/noticias\/wp-json\/wp\/v2\/posts\/155059\/revisions"}],"predecessor-version":[{"id":155061,"href":"https:\/\/vinasfm.com\/noticias\/wp-json\/wp\/v2\/posts\/155059\/revisions\/155061"}],"wp:featuredmedia":[{"embeddable":true,"href":"https:\/\/vinasfm.com\/noticias\/wp-json\/wp\/v2\/media\/155057"}],"wp:attachment":[{"href":"https:\/\/vinasfm.com\/noticias\/wp-json\/wp\/v2\/media?parent=155059"}],"wp:term":[{"taxonomy":"category","embeddable":true,"href":"https:\/\/vinasfm.com\/noticias\/wp-json\/wp\/v2\/categories?post=155059"},{"taxonomy":"post_tag","embeddable":true,"href":"https:\/\/vinasfm.com\/noticias\/wp-json\/wp\/v2\/tags?post=155059"}],"curies":[{"name":"wp","href":"https:\/\/api.w.org\/{rel}","templated":true}]}}