{"id":154953,"date":"2025-11-12T08:38:01","date_gmt":"2025-11-12T11:38:01","guid":{"rendered":"https:\/\/vinasfm.com\/noticias\/?p=154953"},"modified":"2025-11-13T08:25:10","modified_gmt":"2025-11-13T11:25:10","slug":"alvear-y-san-rafael-se-preparan-para-el-inicio-de-la-temporada-con-la-llegada-de-las-aeronaves-y-la-confirmacion-del-fideicomiso","status":"publish","type":"post","link":"https:\/\/vinasfm.com\/noticias\/alvear-y-san-rafael-se-preparan-para-el-inicio-de-la-temporada-con-la-llegada-de-las-aeronaves-y-la-confirmacion-del-fideicomiso\/","title":{"rendered":"ALVEAR Y SAN RAFAEL SE PREPARAN PARA EL INICIO DE LA TEMPORADA CON LA LLEGADA DE LAS AERONAVES Y LA CONFIRMACI\u00d3N DEL FIDEICOMISO"},"content":{"rendered":"<h4><span style=\"color: #003300;\"><strong>El sistema de lucha y mitigaci\u00f3n contra el granizo en el Oasis Sur de Mendoza est\u00e1 pr\u00e1cticamente listo para comenzar a operar. Tras meses de gestiones, las primeras aeronaves y el equipamiento necesario ya se encuentran en la regi\u00f3n, en un esfuerzo conjunto entre el Gobierno de Mendoza y los municipios de General Alvear y San Rafael.<\/strong><\/span><\/h4>\n<p>El <em>intendente de General Alvear,<\/em> <span style=\"color: #003366;\"><b>Alejandro Molero<\/b><\/span>, confirm\u00f3 en di\u00e1logo con<strong><span style=\"color: #993366;\"> FM VI\u00d1AS<\/span><\/strong> que <em><strong>\u00abestamos pr\u00e1cticamente listos para iniciar el proceso\u00bb<\/strong><\/em>. La primera aeronave arrib\u00f3 al Aeroclub de San Rafael en la jornada de ayer, y se espera la llegada de la segunda aeronave hoy.<\/p>\n<p>En una publicaci\u00f3n en su cuenta de Facebook, el jefe comunal detall\u00f3 que el primer avi\u00f3n, un <b>Cheyenne LV-BCT<\/b>, aterriz\u00f3 cerca de las 20:40 horas junto con <em><strong>\u00abtodo el equipamiento necesario para realizar los vuelos de siembra con yoduro de plata mediante bengalas, esenciales para reducir el impacto de las tormentas graniceras\u00bb.<\/strong><\/em><\/p>\n<h3>Log\u00edstica y Fideicomiso Confirmados<\/h3>\n<p>El Intendente Molero explic\u00f3 que el sistema operar\u00e1 bajo la misma modalidad que el a\u00f1o anterior, mediante\u00a0<strong><em>\u00abun fideicomiso compuesto por los dos municipios, donde cada uno se compromete a hacer los aportes econ\u00f3micos correspondientes y eso se firm\u00f3 en el d\u00eda de hoy\u00bb<\/em><\/strong>.<\/p>\n<p>Adem\u00e1s de las dos aeronaves principales, una tercera aeronave actuar\u00e1 como <b>backup<\/b>. <strong><em>\u00abEstamos viendo si la vamos a hangarar aqu\u00ed en el Aero Club de General Alvear, que eso va a servir como backup para cualquier desperfecto que tenga alguna de las dos aeronaves que van a estar operando\u00bb<\/em><\/strong>, detall\u00f3 el intendente.<\/p>\n<h3>Tranquilidad para la Producci\u00f3n<\/h3>\n<p>Con la llegada del equipamiento, la log\u00edstica est\u00e1 completa. <strong><em>\u00abYa est\u00e1 todo listo, est\u00e1n las aeronaves, est\u00e1n las bengalas, est\u00e1 el sistema de realizaci\u00f3n, los pilotos contratados, toda la log\u00edstica necesaria para que, como les dec\u00eda,<\/em> en un par de d\u00edas ya est\u00e9 operativo el sistema de mitigaci\u00f3n de riesgo por granizo\u00bb<\/strong>, concluy\u00f3 Molero.<\/p>\n<p>El jefe comunal expres\u00f3 su satisfacci\u00f3n en redes sociales: <strong><em>\u00abPoder confirmar la llegada de esta primera aeronave brinda tranquilidad y satisfacci\u00f3n, ya que representa un paso fundamental para proteger la producci\u00f3n, las viviendas y el trabajo de miles de familias del sur mendocino\u00bb.<\/em><\/strong><\/p>\n<p>El Intendente Molero tambi\u00e9n agradeci\u00f3 al Gobernador Alfredo Cornejo <em><strong>\u00abpor decidir acompa\u00f1ar y apoyar al Oasis Sur con la continuidad del sistema de Lucha Antigranizo, una herramienta clave para cuidar nuestra producci\u00f3n y el esfuerzo de cada alvearense\u00bb.<\/strong><\/em><\/p>\n","protected":false},"excerpt":{"rendered":"<p>El sistema de lucha y mitigaci\u00f3n contra el granizo en el Oasis Sur de Mendoza est\u00e1 pr\u00e1cticamente listo para comenzar a &#8230;<\/p>\n","protected":false},"author":7,"featured_media":154906,"comment_status":"open","ping_status":"open","sticky":false,"template":"","format":"standard","meta":{"footnotes":""},"categories":[1],"tags":[],"class_list":["post-154953","post","type-post","status-publish","format-standard","has-post-thumbnail","hentry","category-fmvinas"],"_links":{"self":[{"href":"https:\/\/vinasfm.com\/noticias\/wp-json\/wp\/v2\/posts\/154953","targetHints":{"allow":["GET"]}}],"collection":[{"href":"https:\/\/vinasfm.com\/noticias\/wp-json\/wp\/v2\/posts"}],"about":[{"href":"https:\/\/vinasfm.com\/noticias\/wp-json\/wp\/v2\/types\/post"}],"author":[{"embeddable":true,"href":"https:\/\/vinasfm.com\/noticias\/wp-json\/wp\/v2\/users\/7"}],"replies":[{"embeddable":true,"href":"https:\/\/vinasfm.com\/noticias\/wp-json\/wp\/v2\/comments?post=154953"}],"version-history":[{"count":4,"href":"https:\/\/vinasfm.com\/noticias\/wp-json\/wp\/v2\/posts\/154953\/revisions"}],"predecessor-version":[{"id":154999,"href":"https:\/\/vinasfm.com\/noticias\/wp-json\/wp\/v2\/posts\/154953\/revisions\/154999"}],"wp:featuredmedia":[{"embeddable":true,"href":"https:\/\/vinasfm.com\/noticias\/wp-json\/wp\/v2\/media\/154906"}],"wp:attachment":[{"href":"https:\/\/vinasfm.com\/noticias\/wp-json\/wp\/v2\/media?parent=154953"}],"wp:term":[{"taxonomy":"category","embeddable":true,"href":"https:\/\/vinasfm.com\/noticias\/wp-json\/wp\/v2\/categories?post=154953"},{"taxonomy":"post_tag","embeddable":true,"href":"https:\/\/vinasfm.com\/noticias\/wp-json\/wp\/v2\/tags?post=154953"}],"curies":[{"name":"wp","href":"https:\/\/api.w.org\/{rel}","templated":true}]}}