{"id":154945,"date":"2025-11-11T20:14:44","date_gmt":"2025-11-11T23:14:44","guid":{"rendered":"https:\/\/vinasfm.com\/noticias\/?p=154945"},"modified":"2025-11-13T09:54:52","modified_gmt":"2025-11-13T12:54:52","slug":"molero-anuncio-la-compra-record-de-luminarias-led","status":"publish","type":"post","link":"https:\/\/vinasfm.com\/noticias\/molero-anuncio-la-compra-record-de-luminarias-led\/","title":{"rendered":"MOLERO ANUNCI\u00d3 LA COMPRA R\u00c9CORD DE LUMINARIAS LED"},"content":{"rendered":"<h4><span style=\"color: #003366;\"><strong>Molero anunci\u00f3 que el municipio concret\u00f3 la compra sin precedentes de 2.500 luminarias LED de \u00faltima generaci\u00f3n, de 200 watts de potencia lum\u00ednica, que ser\u00e1n instaladas en distintos distritos y barrios del departamento.<\/strong><\/span><\/h4>\n<p><strong><em>\u201cEs un hecho hist\u00f3rico. Nunca hab\u00edamos podido adquirir esta cantidad de luminarias; antes compr\u00e1bamos de a 20, 30 o 50 unidades. Hoy podemos equipar a todo el departamento\u201d<\/em><\/strong>, destac\u00f3 el intendente.<\/p>\n<p>Seg\u00fan detall\u00f3, <em>200 luminarias se colocar\u00e1n en Carmensa y 300 en Bowen durante los pr\u00f3ximos d\u00edas<\/em>, mientras que el resto se distribuir\u00e1 en barrios que a\u00fan no cuentan con esta tecnolog\u00eda.<\/p>\n<p>Molero subray\u00f3 que la iluminaci\u00f3n LED reduce el consumo el\u00e9ctrico, mejora la seguridad y contribuye al cuidado ambiental, adem\u00e1s de transformar la fisonom\u00eda urbana.<strong><em> \u201cEsto responde a nuestro compromiso con un General Alvear m\u00e1s limpio, m\u00e1s iluminado y m\u00e1s seguro\u201d<\/em><\/strong>, afirm\u00f3.<\/p>\n<p><a href=\"https:\/\/vinasfm.com\/noticias\/wp-content\/uploads\/2025\/11\/IMG-20251111-WA0044.jpg\"><img loading=\"lazy\" decoding=\"async\" class=\"alignnone size-large wp-image-154946\" src=\"https:\/\/vinasfm.com\/noticias\/wp-content\/uploads\/2025\/11\/IMG-20251111-WA0044-1024x577.jpg\" alt=\"\" width=\"1024\" height=\"577\" srcset=\"https:\/\/vinasfm.com\/noticias\/wp-content\/uploads\/2025\/11\/IMG-20251111-WA0044-1024x577.jpg 1024w, https:\/\/vinasfm.com\/noticias\/wp-content\/uploads\/2025\/11\/IMG-20251111-WA0044-300x169.jpg 300w, https:\/\/vinasfm.com\/noticias\/wp-content\/uploads\/2025\/11\/IMG-20251111-WA0044-768x432.jpg 768w, https:\/\/vinasfm.com\/noticias\/wp-content\/uploads\/2025\/11\/IMG-20251111-WA0044-1140x641.jpg 1140w, https:\/\/vinasfm.com\/noticias\/wp-content\/uploads\/2025\/11\/IMG-20251111-WA0044.jpg 1156w\" sizes=\"auto, (max-width: 1024px) 100vw, 1024px\" \/><\/a> <a href=\"https:\/\/vinasfm.com\/noticias\/wp-content\/uploads\/2025\/11\/IMG-20251111-WA0045.jpg\"><img loading=\"lazy\" decoding=\"async\" class=\"alignnone size-large wp-image-154947\" src=\"https:\/\/vinasfm.com\/noticias\/wp-content\/uploads\/2025\/11\/IMG-20251111-WA0045-1024x577.jpg\" alt=\"\" width=\"1024\" height=\"577\" srcset=\"https:\/\/vinasfm.com\/noticias\/wp-content\/uploads\/2025\/11\/IMG-20251111-WA0045-1024x577.jpg 1024w, https:\/\/vinasfm.com\/noticias\/wp-content\/uploads\/2025\/11\/IMG-20251111-WA0045-300x169.jpg 300w, https:\/\/vinasfm.com\/noticias\/wp-content\/uploads\/2025\/11\/IMG-20251111-WA0045-768x432.jpg 768w, https:\/\/vinasfm.com\/noticias\/wp-content\/uploads\/2025\/11\/IMG-20251111-WA0045-1140x641.jpg 1140w, https:\/\/vinasfm.com\/noticias\/wp-content\/uploads\/2025\/11\/IMG-20251111-WA0045.jpg 1156w\" sizes=\"auto, (max-width: 1024px) 100vw, 1024px\" \/><\/a><\/p>\n","protected":false},"excerpt":{"rendered":"<p>Molero anunci\u00f3 que el municipio concret\u00f3 la compra sin precedentes de 2.500 luminarias LED de \u00faltima generaci\u00f3n, de 200 watts de &#8230;<\/p>\n","protected":false},"author":7,"featured_media":154948,"comment_status":"open","ping_status":"open","sticky":false,"template":"","format":"standard","meta":{"footnotes":""},"categories":[78,68],"tags":[],"class_list":["post-154945","post","type-post","status-publish","format-standard","has-post-thumbnail","hentry","category-municipalidad","category-servicios"],"_links":{"self":[{"href":"https:\/\/vinasfm.com\/noticias\/wp-json\/wp\/v2\/posts\/154945","targetHints":{"allow":["GET"]}}],"collection":[{"href":"https:\/\/vinasfm.com\/noticias\/wp-json\/wp\/v2\/posts"}],"about":[{"href":"https:\/\/vinasfm.com\/noticias\/wp-json\/wp\/v2\/types\/post"}],"author":[{"embeddable":true,"href":"https:\/\/vinasfm.com\/noticias\/wp-json\/wp\/v2\/users\/7"}],"replies":[{"embeddable":true,"href":"https:\/\/vinasfm.com\/noticias\/wp-json\/wp\/v2\/comments?post=154945"}],"version-history":[{"count":1,"href":"https:\/\/vinasfm.com\/noticias\/wp-json\/wp\/v2\/posts\/154945\/revisions"}],"predecessor-version":[{"id":154949,"href":"https:\/\/vinasfm.com\/noticias\/wp-json\/wp\/v2\/posts\/154945\/revisions\/154949"}],"wp:featuredmedia":[{"embeddable":true,"href":"https:\/\/vinasfm.com\/noticias\/wp-json\/wp\/v2\/media\/154948"}],"wp:attachment":[{"href":"https:\/\/vinasfm.com\/noticias\/wp-json\/wp\/v2\/media?parent=154945"}],"wp:term":[{"taxonomy":"category","embeddable":true,"href":"https:\/\/vinasfm.com\/noticias\/wp-json\/wp\/v2\/categories?post=154945"},{"taxonomy":"post_tag","embeddable":true,"href":"https:\/\/vinasfm.com\/noticias\/wp-json\/wp\/v2\/tags?post=154945"}],"curies":[{"name":"wp","href":"https:\/\/api.w.org\/{rel}","templated":true}]}}