{"id":154927,"date":"2025-11-11T10:31:30","date_gmt":"2025-11-11T13:31:30","guid":{"rendered":"https:\/\/vinasfm.com\/noticias\/?p=154927"},"modified":"2025-11-12T10:00:13","modified_gmt":"2025-11-12T13:00:13","slug":"capacitan-a-bomberos-mendocinos-para-unificar-criterios-en-el-combate-de-incendios-forestales","status":"publish","type":"post","link":"https:\/\/vinasfm.com\/noticias\/capacitan-a-bomberos-mendocinos-para-unificar-criterios-en-el-combate-de-incendios-forestales\/","title":{"rendered":"CAPACITAN A BOMBEROS MENDOCINOS PARA UNIFICAR CRITERIOS EN EL COMBATE DE INCENDIOS FORESTALES"},"content":{"rendered":"<p><span style=\"color: #003300;\"><strong>El Plan Provincial de Manejo del Fuego, junto al Servicio Nacional, realiz\u00f3 una formaci\u00f3n destinada a bomberos voluntarios, de la Polic\u00eda y brigadistas. Adem\u00e1s, se prev\u00e9 un curso intensivo en Monte Com\u00e1n y se recuerda la vigencia de multas millonarias por el uso indebido del fuego.<\/strong><\/span><\/p>\n<p>En los primeros d\u00edas de noviembre concluy\u00f3 una importante capacitaci\u00f3n que reuni\u00f3 a bomberos voluntarios, efectivos de la Polic\u00eda de Mendoza y brigadistas del Plan Nacional de Manejo del Fuego. El curso, impulsado por el Plan Provincial de Manejo del Fuego, tuvo una duraci\u00f3n de cinco d\u00edas y se desarroll\u00f3 bajo una modalidad mixta, con el objetivo de facilitar la participaci\u00f3n de los cuarteles que no pod\u00edan asistir de manera presencial durante toda la semana.<\/p>\n<p>El coordinador del plan provincial, <span style=\"color: #000080;\"><strong>Diego Mart\u00ed<\/strong><\/span>, explic\u00f3 que <em><strong>\u201cesta capacitaci\u00f3n se hizo a principios de mes, en los primeros d\u00edas de fines de octubre, principios de noviembre, culmin\u00f3 la capacitaci\u00f3n con la etapa evaluatoria y de pr\u00e1ctica con herramientas y todo lo que es el equipo de combate a incendios ac\u00e1 en la zona de Gran Mendoza\u201d<\/strong><\/em>. El funcionario destac\u00f3 adem\u00e1s que \u201cla capacitaci\u00f3n estandarizada a nivel nacional implica un curso con un poco m\u00e1s de 50 horas de carga de cursado\u201d.<\/p>\n<p>Mart\u00ed se\u00f1al\u00f3 que\u00a0<em><strong>\u201cel gobierno de la provincia entiende que el tema de capacitaci\u00f3n es crucial para el combate a incendios\u201d<\/strong><\/em>, al remarcar la necesidad de que los distintos cuerpos \u201cpuedan hablar un mismo idioma y, a la hora de estar en un incendio, trabajar de la misma forma\u201d. En ese sentido, subray\u00f3 que los bomberos voluntarios y los de la Polic\u00eda<strong><em> \u201cen muchos casos son los primeros intervinientes en fuegos de zonas de finca\u201d<\/em><\/strong>, por lo que resulta esencial estandarizar los procedimientos.<\/p>\n<p>La formaci\u00f3n cont\u00f3 con la participaci\u00f3n de instructores del Servicio Nacional de Manejo del Fuego y del propio plan provincial. Los cursantes que aprobaron el proceso obtuvieron una certificaci\u00f3n con validez nacional, la cual exige un puntaje m\u00ednimo de siete.<strong><em> \u201cLas personas que aprobaron esa capacitaci\u00f3n quedan con una certificaci\u00f3n a nivel nacional, y eso da cuenta de que, donde vayan a trabajar, sabr\u00e1n que van a estar hablando de las mismas cosas\u201d<\/em><\/strong>, detall\u00f3 Mart\u00ed.<\/p>\n<p>Por otra parte, el coordinador inform\u00f3 que d\u00edas atr\u00e1s tambi\u00e9n se realiz\u00f3 un taller sobre incendios bajo l\u00edneas el\u00e9ctricas, organizado junto a la empresa Transener, una de las principales transportistas de energ\u00eda el\u00e9ctrica del pa\u00eds.<em><strong>\u00a0\u201cEn esta oportunidad capacitamos bomberos brigadistas y bomberos de polic\u00eda, bomberos voluntarios y personal del municipio de Guaymall\u00e9n con esta tem\u00e1tica, con el tema de prevenci\u00f3n y de sobre todo trabajo de incendios bajo l\u00ednea el\u00e9ctrica\u201d<\/strong><\/em>, se\u00f1al\u00f3.<\/p>\n<p>Mart\u00ed destac\u00f3 la importancia de esta iniciativa, ya que <strong><em>\u201cnuestra provincia es cruzada por varios ductos de transporte de energ\u00eda de alta tensi\u00f3n, como as\u00ed tambi\u00e9n de media tensi\u00f3n\u201d<\/em><\/strong>. Explic\u00f3 que este tipo de talleres <em><strong>\u201cya se viene realizando todos los a\u00f1os\u201d<\/strong><\/em> y que la intenci\u00f3n es poder extenderlo al sur provincial, aunque aclar\u00f3 que <strong><em>\u201ctambi\u00e9n estamos ajustados a la agenda de la empresa Transener, que lo va dando por toda la Argentina\u201d.<\/em><\/strong><\/p>\n<p>Consultado sobre las pr\u00f3ximas capacitaciones en el sur mendocino, Mart\u00ed confirm\u00f3 que\u00a0<strong>\u201ctenemos previsto en primer instante, ser\u00eda ahora para el 17, el curso b\u00e1sico de brigadistas, ese s\u00ed ser\u00eda modalidad 100% presencial\u201d<\/strong>. Seg\u00fan indic\u00f3, el dictado se realizar\u00e1 en la base operativa de Monte Com\u00e1n, recientemente inaugurada y con la infraestructura necesaria para alojar a los participantes. \u201cVa a ser dictado en la base nueva de Monte Com\u00e1n, la base que empezamos a construir hace tiempo, ya est\u00e1 operativa\u201d, precis\u00f3.<\/p>\n<p>Este curso, que se desarrollar\u00e1 en cinco d\u00edas, estar\u00e1 destinado exclusivamente al personal del Plan Provincial de Manejo del Fuego, debido a la necesidad de reforzar el equipo ante la inminencia de la temporada de incendios. \u201cEs un cursado intenso, que culmina con trabajo de campo y la parte pr\u00e1ctica en el terreno\u201d, explic\u00f3 Mart\u00ed.<\/p>\n<p>De cara al pr\u00f3ximo a\u00f1o, el funcionario adelant\u00f3 que se prev\u00e9 realizar nuevos talleres en el sur provincial, nuevamente junto a Transener, enfocados en quienes trabajan directamente en zonas con l\u00edneas el\u00e9ctricas.\u00a0<strong>\u201cLa idea ser\u00eda hacerlo lo antes posible, ya el a\u00f1o que viene, pero en la zona sur, para que igual pueda concurrir todo el personal que trabaja en el entorno\u201d<\/strong>, detall\u00f3.<\/p>\n<p>Finalmente, Mart\u00ed aprovech\u00f3 la oportunidad para insistir en la prohibici\u00f3n del uso del fuego como herramienta, recordando que \u201chemos tenido una cantidad de incendios importantes por causa de la mano del hombre, sobre todo en zonas de finca\u201d. Pidi\u00f3 adem\u00e1s a la comunidad que \u201cd\u00e9 aviso al 911 ante la detecci\u00f3n de humo, sin que llegue a ser un incendio, aportando la mayor cantidad de datos posibles\u201d.<\/p>\n<p>El coordinador del plan provincial tambi\u00e9n record\u00f3 las severas sanciones que rigen para quienes incumplan las normas.\u00a0<strong>\u201cEl monto m\u00e1ximo de multas son los 58.800.000 pesos para este a\u00f1o\u201d, advirti\u00f3, y recomend\u00f3 \u201cno tener un disgusto, un d\u00eda de disfrute haciendo un fuego y tener que ser pasibles de una multa\u201d<\/strong>.<\/p>\n<p>Mart\u00ed concluy\u00f3 se\u00f1alando que la concientizaci\u00f3n ciudadana es fundamental: \u201cCuando vamos a lugares o zonas agrestes, no hacer fuego, disfrutar con un picnic, llevar comida hecha o ir a los lugares donde preparan y elaboran comida, porque las multas contin\u00faan siendo importantes\u201d.<\/p>\n<p>&nbsp;<\/p>\n<h6>Diario San Rafael<\/h6>\n","protected":false},"excerpt":{"rendered":"<p>El Plan Provincial de Manejo del Fuego, junto al Servicio Nacional, realiz\u00f3 una formaci\u00f3n destinada a bomberos voluntarios, de la Polic\u00eda &#8230;<\/p>\n","protected":false},"author":7,"featured_media":154928,"comment_status":"open","ping_status":"open","sticky":false,"template":"","format":"standard","meta":{"footnotes":""},"categories":[5,10],"tags":[],"class_list":["post-154927","post","type-post","status-publish","format-standard","has-post-thumbnail","hentry","category-actualidad","category-destacadas"],"_links":{"self":[{"href":"https:\/\/vinasfm.com\/noticias\/wp-json\/wp\/v2\/posts\/154927","targetHints":{"allow":["GET"]}}],"collection":[{"href":"https:\/\/vinasfm.com\/noticias\/wp-json\/wp\/v2\/posts"}],"about":[{"href":"https:\/\/vinasfm.com\/noticias\/wp-json\/wp\/v2\/types\/post"}],"author":[{"embeddable":true,"href":"https:\/\/vinasfm.com\/noticias\/wp-json\/wp\/v2\/users\/7"}],"replies":[{"embeddable":true,"href":"https:\/\/vinasfm.com\/noticias\/wp-json\/wp\/v2\/comments?post=154927"}],"version-history":[{"count":1,"href":"https:\/\/vinasfm.com\/noticias\/wp-json\/wp\/v2\/posts\/154927\/revisions"}],"predecessor-version":[{"id":154929,"href":"https:\/\/vinasfm.com\/noticias\/wp-json\/wp\/v2\/posts\/154927\/revisions\/154929"}],"wp:featuredmedia":[{"embeddable":true,"href":"https:\/\/vinasfm.com\/noticias\/wp-json\/wp\/v2\/media\/154928"}],"wp:attachment":[{"href":"https:\/\/vinasfm.com\/noticias\/wp-json\/wp\/v2\/media?parent=154927"}],"wp:term":[{"taxonomy":"category","embeddable":true,"href":"https:\/\/vinasfm.com\/noticias\/wp-json\/wp\/v2\/categories?post=154927"},{"taxonomy":"post_tag","embeddable":true,"href":"https:\/\/vinasfm.com\/noticias\/wp-json\/wp\/v2\/tags?post=154927"}],"curies":[{"name":"wp","href":"https:\/\/api.w.org\/{rel}","templated":true}]}}