{"id":154914,"date":"2025-11-11T10:26:04","date_gmt":"2025-11-11T13:26:04","guid":{"rendered":"https:\/\/vinasfm.com\/noticias\/?p=154914"},"modified":"2025-11-12T10:00:31","modified_gmt":"2025-11-12T13:00:31","slug":"alvear-oeste-se-pone-a-punto-limpieza-aniversario-y-festival-de-la-empanada-en-agenda","status":"publish","type":"post","link":"https:\/\/vinasfm.com\/noticias\/alvear-oeste-se-pone-a-punto-limpieza-aniversario-y-festival-de-la-empanada-en-agenda\/","title":{"rendered":"\u00a1ALVEAR OESTE SE PONE A PUNTO! LIMPIEZA, ANIVERSARIO Y FESTIVAL DE LA EMPANADA EN AGENDA"},"content":{"rendered":"<h4 data-start=\"4949\" data-end=\"5232\"><strong>La delegada de Alvear Oeste, Jimena Garc\u00eda, dialog\u00f3 con FM VI\u00d1AS y comparti\u00f3 las novedades sobre los operativos de limpieza en el distrito y la intensa agenda de eventos que se avecina, incluyendo el aniversario y el tradicional Festival de la Empanada.<\/strong><\/h4>\n<p data-start=\"4949\" data-end=\"5232\">Con la llegada de los primeros d\u00edas de calor, la delegaci\u00f3n ha intensificado los trabajos de mantenimiento.<em><strong> \u00abSabemos que los primeros calorcitos es cuando m\u00e1s crece el pasto, m\u00e1s se ensucian las plazas, porque sabemos que las empiezan a utilizar un poco m\u00e1s\u00bb,<\/strong><\/em> explic\u00f3 <span style=\"color: #003300;\"><strong>Garc\u00eda<\/strong><\/span>, quien asegur\u00f3 que se est\u00e1n organizando para llegar a todos los rincones del distrito.<\/p>\n<p data-start=\"4949\" data-end=\"5232\">Actualmente, los esfuerzos se centran en la Plaza Manuel Belgrano, un punto neur\u00e1lgico y muy concurrido. All\u00ed se est\u00e1n realizando:<\/p>\n<ul>\n<li data-start=\"4949\" data-end=\"5232\">\u00a0Limpieza a fondo de cunetas y adoquines.<\/li>\n<li data-start=\"4949\" data-end=\"5232\">Poda de rosales y otras plantas.<\/li>\n<li data-start=\"4949\" data-end=\"5232\">Arreglos generales para mantener la calidad del espacio.<\/li>\n<\/ul>\n<p data-start=\"4949\" data-end=\"5232\"><strong><em>\u00abLa plaza es un lugar muy concurrido por todo el departamento porque tiene mucha vegetaci\u00f3n y a la vez muy moderna en cuanto a juegos, as\u00ed que la familia viene y la aprovecha much\u00edsimo\u00bb,<\/em><\/strong> destac\u00f3 la delegada sobre la importancia de mantenerla en \u00f3ptimas condiciones.<\/p>\n<p data-start=\"4949\" data-end=\"5232\"><a href=\"https:\/\/vinasfm.com\/noticias\/wp-content\/uploads\/2025\/11\/IMG-20251111-WA0022.jpg\"><img loading=\"lazy\" decoding=\"async\" class=\"alignnone wp-image-154919\" src=\"https:\/\/vinasfm.com\/noticias\/wp-content\/uploads\/2025\/11\/IMG-20251111-WA0022-576x1024.jpg\" alt=\"\" width=\"350\" height=\"622\" srcset=\"https:\/\/vinasfm.com\/noticias\/wp-content\/uploads\/2025\/11\/IMG-20251111-WA0022-576x1024.jpg 576w, https:\/\/vinasfm.com\/noticias\/wp-content\/uploads\/2025\/11\/IMG-20251111-WA0022-169x300.jpg 169w, https:\/\/vinasfm.com\/noticias\/wp-content\/uploads\/2025\/11\/IMG-20251111-WA0022.jpg 720w\" sizes=\"auto, (max-width: 350px) 100vw, 350px\" \/><\/a> <a href=\"https:\/\/vinasfm.com\/noticias\/wp-content\/uploads\/2025\/11\/IMG-20251111-WA0024.jpg\"><img loading=\"lazy\" decoding=\"async\" class=\"alignnone wp-image-154918\" src=\"https:\/\/vinasfm.com\/noticias\/wp-content\/uploads\/2025\/11\/IMG-20251111-WA0024-576x1024.jpg\" alt=\"\" width=\"350\" height=\"622\" srcset=\"https:\/\/vinasfm.com\/noticias\/wp-content\/uploads\/2025\/11\/IMG-20251111-WA0024-576x1024.jpg 576w, https:\/\/vinasfm.com\/noticias\/wp-content\/uploads\/2025\/11\/IMG-20251111-WA0024-169x300.jpg 169w, https:\/\/vinasfm.com\/noticias\/wp-content\/uploads\/2025\/11\/IMG-20251111-WA0024.jpg 720w\" sizes=\"auto, (max-width: 350px) 100vw, 350px\" \/><\/a><\/p>\n<p data-start=\"4949\" data-end=\"5232\">Garc\u00eda tambi\u00e9n se refiri\u00f3 a la reciente modificaci\u00f3n en el esquema de recolecci\u00f3n de residuos Tipo A. <strong>Ahora, el servicio se presta los d\u00edas lunes, mi\u00e9rcoles y viernes, a partir de las 7:00 a.m.<\/strong><\/p>\n<p data-start=\"4949\" data-end=\"5232\">Este cambio, implementado para optimizar los recursos municipales, ha sido bien recibido por la comunidad.<strong><em> \u00abHemos hablado con ellos, les hemos comentado que es una medida que se ha tomado para ahorrar y tratar de aprovechar el recurso de la municipalidad al m\u00e1ximo. Y el vecino lo ha entendido\u00bb<\/em><\/strong>, coment\u00f3. La delegada resalt\u00f3 que en Oeste <em><strong>\u00abrespetan mucho\u00bb<\/strong><\/em> y la gente ya est\u00e1 sacando los residuos \u00fanicamente los d\u00edas que corresponde el paso del cami\u00f3n recolector.<\/p>\n<h3 data-start=\"4949\" data-end=\"5232\">Alvear Oeste de Fiesta: Aniversario y Festival de la Empanada<\/h3>\n<p>\u200bEl distrito de Alvear Oeste se prepara para un doble festejo en diciembre: la celebraci\u00f3n de su aniversario y la realizaci\u00f3n del 19\u00ba Festival de la Empanada.<\/p>\n<p>El acto protocolar tendr\u00e1 lugar el lunes 3 de diciembre a las 9:00 a.m. con un desayuno vecinal. El evento principal ser\u00e1 el domingo 7 de diciembre a partir de las 20:30 horas, combinando la fiesta de aniversario con el tradicional festival gastron\u00f3mico.<\/p>\n<p>La velada contar\u00e1 con la participaci\u00f3n de artistas locales y el grupo folcl\u00f3rico mendocino La Rienda, conocido por su sonido bien folcl\u00f3rico, e invita a todos los vecinos del departamento a acercarse y compartir un momento de celebraci\u00f3n y tradici\u00f3n.<\/p>\n","protected":false},"excerpt":{"rendered":"<p>La delegada de Alvear Oeste, Jimena Garc\u00eda, dialog\u00f3 con FM VI\u00d1AS y comparti\u00f3 las novedades sobre los operativos de limpieza en &#8230;<\/p>\n","protected":false},"author":7,"featured_media":154920,"comment_status":"open","ping_status":"open","sticky":false,"template":"","format":"standard","meta":{"footnotes":""},"categories":[78,29],"tags":[],"class_list":["post-154914","post","type-post","status-publish","format-standard","has-post-thumbnail","hentry","category-municipalidad","category-obras-y-servicios"],"_links":{"self":[{"href":"https:\/\/vinasfm.com\/noticias\/wp-json\/wp\/v2\/posts\/154914","targetHints":{"allow":["GET"]}}],"collection":[{"href":"https:\/\/vinasfm.com\/noticias\/wp-json\/wp\/v2\/posts"}],"about":[{"href":"https:\/\/vinasfm.com\/noticias\/wp-json\/wp\/v2\/types\/post"}],"author":[{"embeddable":true,"href":"https:\/\/vinasfm.com\/noticias\/wp-json\/wp\/v2\/users\/7"}],"replies":[{"embeddable":true,"href":"https:\/\/vinasfm.com\/noticias\/wp-json\/wp\/v2\/comments?post=154914"}],"version-history":[{"count":7,"href":"https:\/\/vinasfm.com\/noticias\/wp-json\/wp\/v2\/posts\/154914\/revisions"}],"predecessor-version":[{"id":154926,"href":"https:\/\/vinasfm.com\/noticias\/wp-json\/wp\/v2\/posts\/154914\/revisions\/154926"}],"wp:featuredmedia":[{"embeddable":true,"href":"https:\/\/vinasfm.com\/noticias\/wp-json\/wp\/v2\/media\/154920"}],"wp:attachment":[{"href":"https:\/\/vinasfm.com\/noticias\/wp-json\/wp\/v2\/media?parent=154914"}],"wp:term":[{"taxonomy":"category","embeddable":true,"href":"https:\/\/vinasfm.com\/noticias\/wp-json\/wp\/v2\/categories?post=154914"},{"taxonomy":"post_tag","embeddable":true,"href":"https:\/\/vinasfm.com\/noticias\/wp-json\/wp\/v2\/tags?post=154914"}],"curies":[{"name":"wp","href":"https:\/\/api.w.org\/{rel}","templated":true}]}}