{"id":154908,"date":"2025-11-11T08:51:19","date_gmt":"2025-11-11T11:51:19","guid":{"rendered":"https:\/\/vinasfm.com\/noticias\/?p=154908"},"modified":"2025-11-12T10:01:05","modified_gmt":"2025-11-12T13:01:05","slug":"el-area-departamental-de-salud-de-general-alvear-se-traslado-a-un-nuevo-edificio-en-belgrano-y-pierola","status":"publish","type":"post","link":"https:\/\/vinasfm.com\/noticias\/el-area-departamental-de-salud-de-general-alvear-se-traslado-a-un-nuevo-edificio-en-belgrano-y-pierola\/","title":{"rendered":"EL \u00c1REA DEPARTAMENTAL DE SALUD DE GENERAL ALVEAR SE TRASLAD\u00d3 A UN NUEVO EDIFICIO EN BELGRANO Y PI\u00c9ROLA"},"content":{"rendered":"<h4><span style=\"color: #003300;\"><strong>En di\u00e1logo con FM VI\u00d1AS, Marcos Domenech, responsable del \u00c1rea Departamental de Salud, confirm\u00f3 el traslado de las oficinas administrativas al edificio ubicado en la intersecci\u00f3n de calles Belgrano y Pi\u00e9rola.<\/strong><\/span><\/h4>\n<p>Domenech destac\u00f3 que el cambio permitir\u00e1 <strong>mejorar la funcionalidad y la visibilidad del \u00e1rea<\/strong>, adem\u00e1s de brindar <strong>mayor comodidad<\/strong> tanto al personal como a los vecinos que asisten a los distintos programas de salud.<\/p>\n<p><em><strong>\u201cNo solo funciona la oficina administrativa, sino tambi\u00e9n varios programas asistenciales como celiaqu\u00eda, asma y apoyo a la nutrici\u00f3n infantil. Realmente vamos a tener una mejor operatividad en este edificio\u201d<\/strong><\/em>, explic\u00f3 el funcionario.<\/p>\n<p>El <strong>programa de asma<\/strong> est\u00e1 a cargo del <strong>doctor Eduardo Noguerol<\/strong>, mientras que el <strong>programa de celiaqu\u00eda<\/strong> contin\u00faa brindando asistencia a pacientes sin cobertura social, en el marco de las pol\u00edticas sanitarias del Estado. Tambi\u00e9n se mantiene el <strong>programa de nutrici\u00f3n infantil<\/strong>, que proporciona f\u00f3rmulas l\u00e1cteas consideradas medicamentos y que, por su naturaleza, deben ser administradas desde el sistema de salud.<\/p>\n<p><img decoding=\"async\" class=\"aligncenter\" src=\"https:\/\/scontent.fmdz10-1.fna.fbcdn.net\/v\/t51.82787-15\/576635529_17900020413322510_9052044303737588129_n.jpg?stp=dst-jpg_s640x640_tt6&amp;_nc_cat=103&amp;ccb=1-7&amp;_nc_sid=127cfc&amp;_nc_eui2=AeHgRMt1ljHi2ZZWAVDHnltEoPL8OOzDeRmg8vw47MN5GXXLUzik8TpLKXKsGpPY-LxAH4b7oV6Qm18IHbwpgg5y&amp;_nc_ohc=6uIEPnJyP9MQ7kNvwGOS2dP&amp;_nc_oc=AdmFf9JibKfhgBPU0K0v2JSj84cbqv306hvuBduNm3WnUQ7-BSobEIbolAgAdop3ZTk&amp;_nc_zt=23&amp;_nc_ht=scontent.fmdz10-1.fna&amp;_nc_gid=Qsmx6U8rqgGyBFRA3sQccQ&amp;oh=00_AfhPz9ICquxGFuEYmkh4B1_8pwOkmVRqwO4dcQdrM6BhFA&amp;oe=69190FC9\" alt=\"Puede ser una imagen de texto que dice &quot;Nueva direcci\u00f3n La oficina central del \u00c1rea Sanitaria se encuentra ahora en Belgrano y Pierola. Te esperamos para resolver tus tr\u00e1mites y consultas Ministerio de Saludy Depertes MENDOZA AnaSamtarakCuihur&quot;\" \/><\/p>\n<p>En cuanto a la <strong>infraestructura sanitaria<\/strong>, Domenech inform\u00f3 que se est\u00e1n realizando <strong>trabajos de mantenimiento y renovaci\u00f3n<\/strong> en los centros de salud de los distintos parajes del departamento.<strong><em> \u201cSe est\u00e1 trabajando en la reparaci\u00f3n completa de los ba\u00f1os de los centros de salud, comenzando por el de Canalejas. Era una deuda pendiente desde hace tiempo\u201d<\/em><\/strong>, se\u00f1al\u00f3.<\/p>\n<p>El responsable del \u00e1rea remarc\u00f3 que el <strong>fortalecimiento de la atenci\u00f3n primaria<\/strong> y la mejora de los espacios f\u00edsicos son claves para continuar ampliando la cobertura y la calidad del servicio que se brinda a la comunidad alvearense.<\/p>\n","protected":false},"excerpt":{"rendered":"<p>En di\u00e1logo con FM VI\u00d1AS, Marcos Domenech, responsable del \u00c1rea Departamental de Salud, confirm\u00f3 el traslado de las oficinas administrativas al &#8230;<\/p>\n","protected":false},"author":7,"featured_media":154909,"comment_status":"open","ping_status":"open","sticky":false,"template":"","format":"standard","meta":{"footnotes":""},"categories":[78,15],"tags":[],"class_list":["post-154908","post","type-post","status-publish","format-standard","has-post-thumbnail","hentry","category-municipalidad","category-salud"],"_links":{"self":[{"href":"https:\/\/vinasfm.com\/noticias\/wp-json\/wp\/v2\/posts\/154908","targetHints":{"allow":["GET"]}}],"collection":[{"href":"https:\/\/vinasfm.com\/noticias\/wp-json\/wp\/v2\/posts"}],"about":[{"href":"https:\/\/vinasfm.com\/noticias\/wp-json\/wp\/v2\/types\/post"}],"author":[{"embeddable":true,"href":"https:\/\/vinasfm.com\/noticias\/wp-json\/wp\/v2\/users\/7"}],"replies":[{"embeddable":true,"href":"https:\/\/vinasfm.com\/noticias\/wp-json\/wp\/v2\/comments?post=154908"}],"version-history":[{"count":1,"href":"https:\/\/vinasfm.com\/noticias\/wp-json\/wp\/v2\/posts\/154908\/revisions"}],"predecessor-version":[{"id":154910,"href":"https:\/\/vinasfm.com\/noticias\/wp-json\/wp\/v2\/posts\/154908\/revisions\/154910"}],"wp:featuredmedia":[{"embeddable":true,"href":"https:\/\/vinasfm.com\/noticias\/wp-json\/wp\/v2\/media\/154909"}],"wp:attachment":[{"href":"https:\/\/vinasfm.com\/noticias\/wp-json\/wp\/v2\/media?parent=154908"}],"wp:term":[{"taxonomy":"category","embeddable":true,"href":"https:\/\/vinasfm.com\/noticias\/wp-json\/wp\/v2\/categories?post=154908"},{"taxonomy":"post_tag","embeddable":true,"href":"https:\/\/vinasfm.com\/noticias\/wp-json\/wp\/v2\/tags?post=154908"}],"curies":[{"name":"wp","href":"https:\/\/api.w.org\/{rel}","templated":true}]}}