{"id":154801,"date":"2025-11-07T10:58:32","date_gmt":"2025-11-07T13:58:32","guid":{"rendered":"https:\/\/vinasfm.com\/noticias\/?p=154801"},"modified":"2025-11-10T09:39:49","modified_gmt":"2025-11-10T12:39:49","slug":"el-juzgado-de-familia-de-general-alvear-convoca-a-postulantes-para-la-adopcion-de-una-nina-de-9-anos","status":"publish","type":"post","link":"https:\/\/vinasfm.com\/noticias\/el-juzgado-de-familia-de-general-alvear-convoca-a-postulantes-para-la-adopcion-de-una-nina-de-9-anos\/","title":{"rendered":"EL JUZGADO DE FAMILIA DE GENERAL ALVEAR CONVOCA A POSTULANTES PARA LA ADOPCI\u00d3N DE UNA NI\u00d1A DE 9 A\u00d1OS"},"content":{"rendered":"<h4><span style=\"color: #003300;\"><strong>El Tercer Juzgado de Familia de General Alvear, a cargo de la Dra. Mar\u00eda In\u00e9s Fern\u00e1ndez, con la Secretar\u00eda a cargo de la Dra. Andrea Gonz\u00e1lez, inform\u00f3 que se ha autorizado una convocatoria p\u00fablica de postulantes a guarda con fines de adopci\u00f3n para una ni\u00f1a de 9 a\u00f1os en estado de adoptabilidad.<\/strong><\/span><\/h4>\n<p data-start=\"553\" data-end=\"916\"><strong>\u201cN\u201d es una ni\u00f1a dulce, cari\u00f1osa y con un esp\u00edritu alegre.<\/strong> Le encanta escribir cartas, dibujar y compartir momentos con quienes la rodean<strong>. Es sensible, expresiva y le gusta hablar de lo que siente con ternura y confianza.<\/strong> Sus docentes destacan su simpat\u00eda y su buen desempe\u00f1o escolar: cursa 4.\u00ba grado en turno ma\u00f1ana y tiene una gran facilidad para hacer amigos.<\/p>\n<p data-start=\"918\" data-end=\"1350\"><strong>Apasionada por el arte, el baile y la pintura, \u201cN\u201d participa en un taller donde puede desplegar su creatividad.<\/strong> Tambi\u00e9n disfruta de las actividades al aire libre y sue\u00f1a con poder practicar v\u00f3ley o f\u00fatbol. Comparte un v\u00ednculo afectuoso con su madrina institucional, con quien sale a pasear y mirar pel\u00edculas, y<strong> mantiene un lazo muy importante con uno de sus hermanos, al que desea seguir viendo aunque vivan en distintas ciudades.<\/strong><\/p>\n<p data-start=\"1352\" data-end=\"1592\">Sobre todo, \u201cN\u201d <strong data-start=\"1368\" data-end=\"1396\">anhela tener una familia<\/strong>. Expresa con claridad su deseo de ser adoptada y est\u00e1 abierta a distintas formas de hogar. Est\u00e1 dispuesta a mudarse si eso le permite cumplir su sue\u00f1o de crecer en un entorno de amor y cuidado.<\/p>\n<p data-start=\"1594\" data-end=\"1900\">El <strong data-start=\"1597\" data-end=\"1644\">Tercer Juzgado de Familia de General Alvear<\/strong>, a cargo de la <strong data-start=\"1660\" data-end=\"1689\">Dra. Mar\u00eda In\u00e9s Fern\u00e1ndez<\/strong> y la <strong data-start=\"1695\" data-end=\"1730\">Secretaria Dra. Andrea Gonz\u00e1lez<\/strong>, autoriz\u00f3 la <a href=\"https:\/\/mail.google.com\/mail\/u\/0\/#inbox\/FMfcgzQcqkwsjkJCjKKvjGmlwSPJXpTp?projector=1&amp;messagePartId=0.1\"><strong data-start=\"1744\" data-end=\"1764\">difusi\u00f3n p\u00fablica<\/strong> <\/a>de esta convocatoria, solicitando el acompa\u00f1amiento de la comunidad para ayudar a que la historia de \u201cN\u201d encuentre un nuevo comienzo.<\/p>\n<p data-start=\"1902\" data-end=\"2081\">Las personas o familias interesadas en asumir este compromiso amoroso y responsable pueden comunicarse al correo <strong data-start=\"2015\" data-end=\"2048\"><a class=\"decorated-link cursor-pointer\" rel=\"noopener\" data-start=\"2017\" data-end=\"2046\">rpamendoza@jus.mendoza.gov.ar<\/a><\/strong> o al WhatsApp <strong data-start=\"2063\" data-end=\"2078\">261 6799541<\/strong>.<\/p>\n","protected":false},"excerpt":{"rendered":"<p>El Tercer Juzgado de Familia de General Alvear, a cargo de la Dra. Mar\u00eda In\u00e9s Fern\u00e1ndez, con la Secretar\u00eda a cargo &#8230;<\/p>\n","protected":false},"author":7,"featured_media":154802,"comment_status":"open","ping_status":"open","sticky":false,"template":"","format":"standard","meta":{"footnotes":""},"categories":[5,10],"tags":[],"class_list":["post-154801","post","type-post","status-publish","format-standard","has-post-thumbnail","hentry","category-actualidad","category-destacadas"],"_links":{"self":[{"href":"https:\/\/vinasfm.com\/noticias\/wp-json\/wp\/v2\/posts\/154801","targetHints":{"allow":["GET"]}}],"collection":[{"href":"https:\/\/vinasfm.com\/noticias\/wp-json\/wp\/v2\/posts"}],"about":[{"href":"https:\/\/vinasfm.com\/noticias\/wp-json\/wp\/v2\/types\/post"}],"author":[{"embeddable":true,"href":"https:\/\/vinasfm.com\/noticias\/wp-json\/wp\/v2\/users\/7"}],"replies":[{"embeddable":true,"href":"https:\/\/vinasfm.com\/noticias\/wp-json\/wp\/v2\/comments?post=154801"}],"version-history":[{"count":1,"href":"https:\/\/vinasfm.com\/noticias\/wp-json\/wp\/v2\/posts\/154801\/revisions"}],"predecessor-version":[{"id":154803,"href":"https:\/\/vinasfm.com\/noticias\/wp-json\/wp\/v2\/posts\/154801\/revisions\/154803"}],"wp:featuredmedia":[{"embeddable":true,"href":"https:\/\/vinasfm.com\/noticias\/wp-json\/wp\/v2\/media\/154802"}],"wp:attachment":[{"href":"https:\/\/vinasfm.com\/noticias\/wp-json\/wp\/v2\/media?parent=154801"}],"wp:term":[{"taxonomy":"category","embeddable":true,"href":"https:\/\/vinasfm.com\/noticias\/wp-json\/wp\/v2\/categories?post=154801"},{"taxonomy":"post_tag","embeddable":true,"href":"https:\/\/vinasfm.com\/noticias\/wp-json\/wp\/v2\/tags?post=154801"}],"curies":[{"name":"wp","href":"https:\/\/api.w.org\/{rel}","templated":true}]}}