{"id":154787,"date":"2025-11-07T09:50:33","date_gmt":"2025-11-07T12:50:33","guid":{"rendered":"https:\/\/vinasfm.com\/noticias\/?p=154787"},"modified":"2025-11-10T09:40:25","modified_gmt":"2025-11-10T12:40:25","slug":"la-pampa-acusa-al-sur-de-mendoza-de-regar-como-en-el-antiguo-egipto","status":"publish","type":"post","link":"https:\/\/vinasfm.com\/noticias\/la-pampa-acusa-al-sur-de-mendoza-de-regar-como-en-el-antiguo-egipto\/","title":{"rendered":"LA PAMPA ACUSA AL SUR DE MENDOZA DE REGAR COMO EN EL ANTIGUO EGIPTO"},"content":{"rendered":"<div class=\"xdj266r x14z9mp xat24cr x1lziwak x1vvkbs x126k92a\">\n<h4 dir=\"auto\"><span style=\"color: #003300;\">La Pampa volvi\u00f3 a cargar contra Mendoza por la situaci\u00f3n del r\u00edo Atuel, asegurando que la provincia vecina desperdicia cerca del 70% del agua utilizada para el riego de fincas en San Rafael y General Alvear.<\/span><\/h4>\n<div dir=\"auto\">En declaraciones al diario La Arena, <em>el secretario de Recursos H\u00eddricos pampeano<\/em>, <span style=\"color: #003300;\"><strong>Jos\u00e9 Gobbi<\/strong><\/span>, sostuvo que <em><strong>\u201cel agua que ingresa a La Pampa es de drenaje y no corresponde al r\u00edo Atuel\u201d<\/strong><\/em> y apunt\u00f3 contra la<em><strong> \u201cineficiencia\u201d<\/strong> <\/em>de los sistemas de riego del sur mendocino.<\/div>\n<\/div>\n<div class=\"x14z9mp xat24cr x1lziwak x1vvkbs xtlvy1s x126k92a\">\n<div dir=\"auto\"><\/div>\n<div dir=\"auto\"><em><strong>\u201cRiegan el oasis por inundaci\u00f3n. Nuestros colegas mendocinos son fara\u00f3nicos, riegan como los egipcios por manto\u201d<\/strong><\/em>, ironiz\u00f3 Gobbi, quien calific\u00f3 ese m\u00e9todo como <em><strong>\u201cextremadamente ineficiente, con una eficiencia del 25 al 35%: de cada 100 litros se aprovechan solo 25 o 35 y el resto se pierde\u201d.<\/strong><\/em><\/div>\n<\/div>\n<div class=\"x14z9mp xat24cr x1lziwak x1vvkbs xtlvy1s x126k92a\">\n<div dir=\"auto\"><\/div>\n<div dir=\"auto\">Seg\u00fan el funcionario, buena parte del agua utilizada <em><strong>\u201ctermina drenando por gravedad y se mezcla con la del sub\u00e1lveo y las precipitaciones, escurriendo luego por el cauce\u201d<\/strong><\/em>. En ese sentido, sostuvo que el caudal que ingresa a territorio pampeano <em><strong>\u201cno es del Atuel\u201d<\/strong><\/em>, ya que llega <em><strong>\u201ccargado con sales y agroqu\u00edmicos\u201d<\/strong><\/em> y con un nivel de salinidad <em><strong>\u201cque duplica al r\u00e9gimen natural del r\u00edo\u201d.<\/strong><\/em><\/div>\n<\/div>\n<div dir=\"auto\"><\/div>\n<div dir=\"auto\">San Rafael Al Toque<\/div>\n","protected":false},"excerpt":{"rendered":"<p>La Pampa volvi\u00f3 a cargar contra Mendoza por la situaci\u00f3n del r\u00edo Atuel, asegurando que la provincia vecina desperdicia cerca del &#8230;<\/p>\n","protected":false},"author":7,"featured_media":154789,"comment_status":"open","ping_status":"open","sticky":false,"template":"","format":"standard","meta":{"footnotes":""},"categories":[54,10],"tags":[],"class_list":["post-154787","post","type-post","status-publish","format-standard","has-post-thumbnail","hentry","category-conflicto-con-la-pampa","category-destacadas"],"_links":{"self":[{"href":"https:\/\/vinasfm.com\/noticias\/wp-json\/wp\/v2\/posts\/154787","targetHints":{"allow":["GET"]}}],"collection":[{"href":"https:\/\/vinasfm.com\/noticias\/wp-json\/wp\/v2\/posts"}],"about":[{"href":"https:\/\/vinasfm.com\/noticias\/wp-json\/wp\/v2\/types\/post"}],"author":[{"embeddable":true,"href":"https:\/\/vinasfm.com\/noticias\/wp-json\/wp\/v2\/users\/7"}],"replies":[{"embeddable":true,"href":"https:\/\/vinasfm.com\/noticias\/wp-json\/wp\/v2\/comments?post=154787"}],"version-history":[{"count":2,"href":"https:\/\/vinasfm.com\/noticias\/wp-json\/wp\/v2\/posts\/154787\/revisions"}],"predecessor-version":[{"id":154790,"href":"https:\/\/vinasfm.com\/noticias\/wp-json\/wp\/v2\/posts\/154787\/revisions\/154790"}],"wp:featuredmedia":[{"embeddable":true,"href":"https:\/\/vinasfm.com\/noticias\/wp-json\/wp\/v2\/media\/154789"}],"wp:attachment":[{"href":"https:\/\/vinasfm.com\/noticias\/wp-json\/wp\/v2\/media?parent=154787"}],"wp:term":[{"taxonomy":"category","embeddable":true,"href":"https:\/\/vinasfm.com\/noticias\/wp-json\/wp\/v2\/categories?post=154787"},{"taxonomy":"post_tag","embeddable":true,"href":"https:\/\/vinasfm.com\/noticias\/wp-json\/wp\/v2\/tags?post=154787"}],"curies":[{"name":"wp","href":"https:\/\/api.w.org\/{rel}","templated":true}]}}