{"id":154783,"date":"2025-11-07T09:24:59","date_gmt":"2025-11-07T12:24:59","guid":{"rendered":"https:\/\/vinasfm.com\/noticias\/?p=154783"},"modified":"2025-11-10T09:42:04","modified_gmt":"2025-11-10T12:42:04","slug":"decima-jornada-saludable-por-la-educacion-de-jovenes-y-adultos","status":"publish","type":"post","link":"https:\/\/vinasfm.com\/noticias\/decima-jornada-saludable-por-la-educacion-de-jovenes-y-adultos\/","title":{"rendered":"D\u00c9CIMA JORNADA SALUDABLE POR LA EDUCACI\u00d3N DE J\u00d3VENES Y ADULTOS"},"content":{"rendered":"<h4><span style=\"color: #003300;\"><strong>Con gran participaci\u00f3n y entusiasmo se llev\u00f3 a cabo la 10\u00aa Jornada Saludable por la Educaci\u00f3n de J\u00f3venes y Adultos, un encuentro que tuvo como prop\u00f3sito promover h\u00e1bitos de vida saludables a trav\u00e9s de actividades recreativas, charlas educativas y espacios de integraci\u00f3n.<\/strong><\/span><\/h4>\n<p>De la iniciativa,<strong> organizada por el CENS Jos\u00e9 Ingenieros<\/strong>, particip\u00f3 el equipo del \u00c1rea de <strong>Municipio Saludable de la Municipalidad de General Alvear<\/strong> y cont\u00f3 con la p<strong>resencia de estudiantes y docentes de los CENS y CEBJAS de todo el departamento<\/strong>, quienes compartieron una jornada destinada a fortalecer tanto el bienestar f\u00edsico como emocional de la comunidad educativa.<\/p>\n<p><a href=\"https:\/\/vinasfm.com\/noticias\/wp-content\/uploads\/2025\/11\/IMG-20251107-WA0030.jpg\"><img loading=\"lazy\" decoding=\"async\" class=\"wp-image-154782 aligncenter\" src=\"https:\/\/vinasfm.com\/noticias\/wp-content\/uploads\/2025\/11\/IMG-20251107-WA0030.jpg\" alt=\"\" width=\"600\" height=\"450\" srcset=\"https:\/\/vinasfm.com\/noticias\/wp-content\/uploads\/2025\/11\/IMG-20251107-WA0030.jpg 1280w, https:\/\/vinasfm.com\/noticias\/wp-content\/uploads\/2025\/11\/IMG-20251107-WA0030-300x225.jpg 300w, https:\/\/vinasfm.com\/noticias\/wp-content\/uploads\/2025\/11\/IMG-20251107-WA0030-1024x768.jpg 1024w, https:\/\/vinasfm.com\/noticias\/wp-content\/uploads\/2025\/11\/IMG-20251107-WA0030-768x576.jpg 768w\" sizes=\"auto, (max-width: 600px) 100vw, 600px\" \/><\/a><\/p>\n<p>Durante el encuentro se desarrollaron diversas propuestas orientadas a fomentar la alimentaci\u00f3n equilibrada, la pr\u00e1ctica regular de actividad f\u00edsica y el cuidado integral de la salud. <strong>Los participantes pudieron disfrutar de din\u00e1micas grupales, talleres informativos y actividades recreativas que invitaron a reflexionar sobre la importancia de incorporar h\u00e1bitos saludables en la vida cotidiana.<\/strong> Al respecto el Programa provincial 365 estuvo repartiendo frutas a los presentes.<\/p>\n<p>Desde el Municipio destacaron la relevancia de este tipo de espacios, que no solo brindan informaci\u00f3n y herramientas pr\u00e1cticas, sino que tambi\u00e9n promueven la integraci\u00f3n, la convivencia y el trabajo en equipo entre j\u00f3venes y adultos que contin\u00faan sus trayectorias educativas.<\/p>\n","protected":false},"excerpt":{"rendered":"<p>Con gran participaci\u00f3n y entusiasmo se llev\u00f3 a cabo la 10\u00aa Jornada Saludable por la Educaci\u00f3n de J\u00f3venes y Adultos, un &#8230;<\/p>\n","protected":false},"author":7,"featured_media":154781,"comment_status":"open","ping_status":"open","sticky":false,"template":"","format":"standard","meta":{"footnotes":""},"categories":[10,18],"tags":[],"class_list":["post-154783","post","type-post","status-publish","format-standard","has-post-thumbnail","hentry","category-destacadas","category-educacion"],"_links":{"self":[{"href":"https:\/\/vinasfm.com\/noticias\/wp-json\/wp\/v2\/posts\/154783","targetHints":{"allow":["GET"]}}],"collection":[{"href":"https:\/\/vinasfm.com\/noticias\/wp-json\/wp\/v2\/posts"}],"about":[{"href":"https:\/\/vinasfm.com\/noticias\/wp-json\/wp\/v2\/types\/post"}],"author":[{"embeddable":true,"href":"https:\/\/vinasfm.com\/noticias\/wp-json\/wp\/v2\/users\/7"}],"replies":[{"embeddable":true,"href":"https:\/\/vinasfm.com\/noticias\/wp-json\/wp\/v2\/comments?post=154783"}],"version-history":[{"count":2,"href":"https:\/\/vinasfm.com\/noticias\/wp-json\/wp\/v2\/posts\/154783\/revisions"}],"predecessor-version":[{"id":154786,"href":"https:\/\/vinasfm.com\/noticias\/wp-json\/wp\/v2\/posts\/154783\/revisions\/154786"}],"wp:featuredmedia":[{"embeddable":true,"href":"https:\/\/vinasfm.com\/noticias\/wp-json\/wp\/v2\/media\/154781"}],"wp:attachment":[{"href":"https:\/\/vinasfm.com\/noticias\/wp-json\/wp\/v2\/media?parent=154783"}],"wp:term":[{"taxonomy":"category","embeddable":true,"href":"https:\/\/vinasfm.com\/noticias\/wp-json\/wp\/v2\/categories?post=154783"},{"taxonomy":"post_tag","embeddable":true,"href":"https:\/\/vinasfm.com\/noticias\/wp-json\/wp\/v2\/tags?post=154783"}],"curies":[{"name":"wp","href":"https:\/\/api.w.org\/{rel}","templated":true}]}}