{"id":154712,"date":"2025-11-06T10:27:26","date_gmt":"2025-11-06T13:27:26","guid":{"rendered":"https:\/\/vinasfm.com\/noticias\/?p=154712"},"modified":"2025-11-06T10:27:26","modified_gmt":"2025-11-06T13:27:26","slug":"aumento-proyectado-aysam-solicita-un-ajuste-del-1748-en-la-tarifa-del-agua-para-el-2026","status":"publish","type":"post","link":"https:\/\/vinasfm.com\/noticias\/aumento-proyectado-aysam-solicita-un-ajuste-del-1748-en-la-tarifa-del-agua-para-el-2026\/","title":{"rendered":"AUMENTO PROYECTADO: AYSAM SOLICITA UN AJUSTE DEL 17,48% EN LA TARIFA DEL AGUA PARA EL 2026"},"content":{"rendered":"<p><span style=\"color: #003300;\"><strong>La empresa Agua y Saneamiento Mendoza (AYSAM) ha formalizado su pedido de actualizaci\u00f3n tarifaria ante el Departamento General de Irrigaci\u00f3n, el nuevo ente de control de los servicios. <\/strong><\/span><\/p>\n<p>La solicitud de aumento ser\u00e1 evaluada en una Audiencia P\u00fablica convocada para fines de noviembre, con el objetivo de fijar el precio del servicio de agua y saneamiento para todo el a\u00f1o 2026.<\/p>\n<p>El director de AYSAM, Juan Pablo Eraso, confirm\u00f3 el porcentaje de incremento que la empresa considera necesario para cubrir los costos de mantenimiento, operaci\u00f3n y renovaci\u00f3n de la infraestructura<strong>. \u00abHemos presentado nuestro presupuesto y, de acuerdo con el informe REN del Banco Central (Relevamiento de Expectativas de Mercado), hemos pedido un aumento para el a\u00f1o 2026 del 17,48%\u00bb<\/strong>, asever\u00f3.<\/p>\n<p>La aprobaci\u00f3n final de este porcentaje no es autom\u00e1tica. Eraso detall\u00f3 el proceso regulatorio.\u00a0<strong>\u00abEl Departamento General de Irrigaci\u00f3n es el nuevo ente de control que convoca a la audiencia p\u00fablica. Nosotros presentamos nuestros n\u00fameros al Ente Regulador, y es el Ejecutivo quien, a trav\u00e9s de un decreto, termina otorgando el aumento de tarifas\u00bb<\/strong>, explic\u00f3 en otro tramo de la comunicaci\u00f3n.<\/p>\n<p>La Audiencia P\u00fablica se llevar\u00e1 a cabo el pr\u00f3ximo 28 de noviembre en Godoy Cruz, donde los interesados podr\u00e1n exponer sus an\u00e1lisis sobre el presupuesto de la empresa.<\/p>\n<p><img decoding=\"async\" src=\"https:\/\/diariosanrafael.com.ar\/wp-content\/uploads\/2021\/12\/Tarifa-del-agua-Aysam-dice-tener-un-atraso-tarifario-del-100-1024x683.jpg\" \/><\/p>\n<h2><strong>Obras para reforzar el servicio en el sur provincial<\/strong><\/h2>\n<p>Ante la inminencia de la \u00e9poca de mayor demanda h\u00eddrica, Eraso se refiri\u00f3 a las obras en curso en San Rafael, aunque advirti\u00f3 que el proyecto m\u00e1s ambicioso no estar\u00e1 operativo para el inminente verano.\u00a0<strong>\u00abLa obra m\u00e1s importante es la ampliaci\u00f3n de la planta. Se financia con aporte presupuestario de la provincia, la naci\u00f3n u organismos de cr\u00e9dito, ya que est\u00e1 fuera del presupuesto tarifario de AYSAM\u00bb<\/strong>, coment\u00f3 al respecto.<\/p>\n<p>El funcionario indic\u00f3 que se espera llegar con la primera parte de la ampliaci\u00f3n para mediados del pr\u00f3ximo a\u00f1o. \u00abEsta ser\u00eda la obra fundamental; nos proporcionar\u00eda el mejor escenario posible para enfrentar la demanda h\u00eddrica del verano\u00bb, remarc\u00f3.<\/p>\n<p>Para suplir esta falta, la empresa se concentra en reforzar el sistema mediante la red de perforaciones existentes y nuevas inyecciones de caudal. <strong><em>\u00abEstamos terminando de equipar una perforaci\u00f3n en la zona de Pedro Vargas y Los Sauces. Tambi\u00e9n estamos licitando una perforaci\u00f3n m\u00e1s que ser\u00eda para toda la zona m\u00e1s compleja, que es la zona alta\u00bb<\/em><\/strong>, se\u00f1al\u00f3.<\/p>\n<p>Estos refuerzos se inyectan a la red para proporcionar mayor presi\u00f3n en los sectores m\u00e1s afectados. \u00abSe inyecta a lugares en donde est\u00e1 m\u00e1s complicado el servicio de agua, como en este caso lo que es la zona de Barrio El Sosneado, Los Filtros, Isros y sitios aleda\u00f1os\u00bb, inform\u00f3.<\/p>\n<p>Asimismo, destac\u00f3 la inversi\u00f3n hecha en Villa 25 de Mayo.<em><strong> \u00abEn ese distrito se est\u00e1n instalando una bater\u00eda de filtros r\u00e1pidos, que acelera el proceso de potabilizaci\u00f3n y mejora la capacidad de respuesta y de producci\u00f3n\u00bb<\/strong><\/em>, destac\u00f3.<\/p>\n<h3><strong>Uso consciente del agua: La solidaridad y el riesgo de multa<\/strong><\/h3>\n<p>Para garantizar el suministro a todos los vecinos durante el verano, el director de AYSAM hizo un en\u00e9rgico llamado a la comunidad a respetar los horarios de riego.\u00a0<strong>\u00abEl agua se basa en un principio de solidaridad: el recurso que yo derrocho es el que le falta a mi vecino. Debemos ser conscientes y eficientes en el uso\u00bb<\/strong>, determin\u00f3.<\/p>\n<p>Finalmente, record\u00f3 que el incumplimiento en los horarios no solo afecta a los vecinos, sino que conlleva sanciones econ\u00f3micas.\u00a0<strong>\u00abLlamamos a la comunidad a respetar los horarios de riego: entre las 22 horas y las 8 horas. Los que sean advertidos regando fuera de esos horarios ser\u00e1n pasibles de multa\u00bb<\/strong>, alert\u00f3 al cierre del reportaje.<\/p>\n<p>Diario San Rafael.<\/p>\n","protected":false},"excerpt":{"rendered":"<p>La empresa Agua y Saneamiento Mendoza (AYSAM) ha formalizado su pedido de actualizaci\u00f3n tarifaria ante el Departamento General de Irrigaci\u00f3n, el &#8230;<\/p>\n","protected":false},"author":7,"featured_media":154713,"comment_status":"open","ping_status":"open","sticky":false,"template":"","format":"standard","meta":{"footnotes":""},"categories":[1],"tags":[],"class_list":["post-154712","post","type-post","status-publish","format-standard","has-post-thumbnail","hentry","category-fmvinas"],"_links":{"self":[{"href":"https:\/\/vinasfm.com\/noticias\/wp-json\/wp\/v2\/posts\/154712","targetHints":{"allow":["GET"]}}],"collection":[{"href":"https:\/\/vinasfm.com\/noticias\/wp-json\/wp\/v2\/posts"}],"about":[{"href":"https:\/\/vinasfm.com\/noticias\/wp-json\/wp\/v2\/types\/post"}],"author":[{"embeddable":true,"href":"https:\/\/vinasfm.com\/noticias\/wp-json\/wp\/v2\/users\/7"}],"replies":[{"embeddable":true,"href":"https:\/\/vinasfm.com\/noticias\/wp-json\/wp\/v2\/comments?post=154712"}],"version-history":[{"count":1,"href":"https:\/\/vinasfm.com\/noticias\/wp-json\/wp\/v2\/posts\/154712\/revisions"}],"predecessor-version":[{"id":154714,"href":"https:\/\/vinasfm.com\/noticias\/wp-json\/wp\/v2\/posts\/154712\/revisions\/154714"}],"wp:featuredmedia":[{"embeddable":true,"href":"https:\/\/vinasfm.com\/noticias\/wp-json\/wp\/v2\/media\/154713"}],"wp:attachment":[{"href":"https:\/\/vinasfm.com\/noticias\/wp-json\/wp\/v2\/media?parent=154712"}],"wp:term":[{"taxonomy":"category","embeddable":true,"href":"https:\/\/vinasfm.com\/noticias\/wp-json\/wp\/v2\/categories?post=154712"},{"taxonomy":"post_tag","embeddable":true,"href":"https:\/\/vinasfm.com\/noticias\/wp-json\/wp\/v2\/tags?post=154712"}],"curies":[{"name":"wp","href":"https:\/\/api.w.org\/{rel}","templated":true}]}}