{"id":154703,"date":"2025-11-06T09:23:36","date_gmt":"2025-11-06T12:23:36","guid":{"rendered":"https:\/\/vinasfm.com\/noticias\/?p=154703"},"modified":"2025-11-07T09:56:57","modified_gmt":"2025-11-07T12:56:57","slug":"mendoza-ordena-recuperar-una-guarderia-ocupada-en-alvear","status":"publish","type":"post","link":"https:\/\/vinasfm.com\/noticias\/mendoza-ordena-recuperar-una-guarderia-ocupada-en-alvear\/","title":{"rendered":"MENDOZA ORDENA RECUPERAR UNA GUARDER\u00cdA \u00abOCUPADA\u00bb EN ALVEAR"},"content":{"rendered":"<h4 class=\"description-boxed\"><span style=\"color: #003300;\"><strong>Por decreto, el Ejecutivo instruy\u00f3 a la Asesor\u00eda de Gobierno a iniciar acciones judiciales para restituir un inmueble de la Provincia, cedido para el Jard\u00edn Maternal JP-122 \u00abMercedes de San Mart\u00edn\u00bb, ante la ocupaci\u00f3n de un tercero.<\/strong><\/span><\/h4>\n<div>El\u00a0<strong class=\"skrollable skrollable-between\" data-start=\"474\" data-end=\"493\">Decreto N\u00b0 1861<\/strong>, fechado el\u00a0<strong class=\"skrollable skrollable-between\" data-start=\"506\" data-end=\"530\">29 de agosto de 2025 y publicado este jueves 6 de noviembre en el\u00a0<a href=\"https:\/\/informacionoficial.mendoza.gob.ar\/boletinoficial\/\" target=\"_blank\" rel=\"noopener\">Bolet\u00edn Oficial<\/a><\/strong>, se dict\u00f3 a partir de un expediente que documenta la\u00a0<strong class=\"skrollable skrollable-between\" data-start=\"584\" data-end=\"605\">ocupaci\u00f3n parcial<\/strong> del predio donde funciona el centro infantil, denunciada por la Asociaci\u00f3n de Mujeres en Apoyo de la Familia (AMAF) y por la Direcci\u00f3n General de Protecci\u00f3n de Derechos. En el sumario consta que el se\u00f1or\u00a0<strong class=\"skrollable skrollable-between\" data-start=\"810\" data-end=\"838\">Faustino Andr\u00e9s Ceballos<\/strong>\u00a0no accedi\u00f3 a restituir el espacio pese a los requerimientos judiciales, hecho incorporado en la causa penal P-4686\/20 por\u00a0<strong class=\"skrollable skrollable-between\" data-start=\"961\" data-end=\"1000\">usurpaci\u00f3n\/turbaci\u00f3n de la posesi\u00f3n<\/strong>.<\/div>\n<div><\/div>\n<div>El inmueble -inscripto a nombre de la\u00a0<strong class=\"skrollable skrollable-between\" data-start=\"1117\" data-end=\"1141\">Provincia de Mendoza<\/strong>\u00a0y ubicado en\u00a0<strong class=\"skrollable skrollable-between\" data-start=\"1155\" data-end=\"1215\">calle 9 de Julio 495, Barrio San Carlos (General Alvear)<\/strong>&#8211; fue\u00a0<strong class=\"skrollable skrollable-between\" data-start=\"1221\" data-end=\"1254\">cedido por Decreto-Ley 119\/75<\/strong>\u00a0para levantar una guarder\u00eda infantil, y su mantenimiento qued\u00f3 a cargo de la Direcci\u00f3n General de Protecci\u00f3n de Derechos, seg\u00fan el convenio con AMAF.<\/div>\n<div><\/div>\n<div>El inmueble -inscripto a nombre de la\u00a0<strong class=\"skrollable skrollable-between\" data-start=\"1117\" data-end=\"1141\">Provincia de Mendoza<\/strong>\u00a0y ubicado en\u00a0<strong class=\"skrollable skrollable-between\" data-start=\"1155\" data-end=\"1215\">calle 9 de Julio 495, Barrio San Carlos (General Alvear)<\/strong>&#8211; fue\u00a0<strong class=\"skrollable skrollable-between\" data-start=\"1221\" data-end=\"1254\">cedido por Decreto-Ley 119\/75<\/strong>\u00a0para levantar una guarder\u00eda infantil, y su mantenimiento qued\u00f3 a cargo de la Direcci\u00f3n General de Protecci\u00f3n de Derechos, seg\u00fan el convenio con AMAF.<\/div>\n<div><\/div>\n","protected":false},"excerpt":{"rendered":"<p>Por decreto, el Ejecutivo instruy\u00f3 a la Asesor\u00eda de Gobierno a iniciar acciones judiciales para restituir un inmueble de la Provincia, &#8230;<\/p>\n","protected":false},"author":7,"featured_media":154706,"comment_status":"open","ping_status":"open","sticky":false,"template":"","format":"standard","meta":{"footnotes":""},"categories":[5,10],"tags":[],"class_list":["post-154703","post","type-post","status-publish","format-standard","has-post-thumbnail","hentry","category-actualidad","category-destacadas"],"_links":{"self":[{"href":"https:\/\/vinasfm.com\/noticias\/wp-json\/wp\/v2\/posts\/154703","targetHints":{"allow":["GET"]}}],"collection":[{"href":"https:\/\/vinasfm.com\/noticias\/wp-json\/wp\/v2\/posts"}],"about":[{"href":"https:\/\/vinasfm.com\/noticias\/wp-json\/wp\/v2\/types\/post"}],"author":[{"embeddable":true,"href":"https:\/\/vinasfm.com\/noticias\/wp-json\/wp\/v2\/users\/7"}],"replies":[{"embeddable":true,"href":"https:\/\/vinasfm.com\/noticias\/wp-json\/wp\/v2\/comments?post=154703"}],"version-history":[{"count":3,"href":"https:\/\/vinasfm.com\/noticias\/wp-json\/wp\/v2\/posts\/154703\/revisions"}],"predecessor-version":[{"id":154708,"href":"https:\/\/vinasfm.com\/noticias\/wp-json\/wp\/v2\/posts\/154703\/revisions\/154708"}],"wp:featuredmedia":[{"embeddable":true,"href":"https:\/\/vinasfm.com\/noticias\/wp-json\/wp\/v2\/media\/154706"}],"wp:attachment":[{"href":"https:\/\/vinasfm.com\/noticias\/wp-json\/wp\/v2\/media?parent=154703"}],"wp:term":[{"taxonomy":"category","embeddable":true,"href":"https:\/\/vinasfm.com\/noticias\/wp-json\/wp\/v2\/categories?post=154703"},{"taxonomy":"post_tag","embeddable":true,"href":"https:\/\/vinasfm.com\/noticias\/wp-json\/wp\/v2\/tags?post=154703"}],"curies":[{"name":"wp","href":"https:\/\/api.w.org\/{rel}","templated":true}]}}