{"id":154683,"date":"2025-11-06T08:20:18","date_gmt":"2025-11-06T11:20:18","guid":{"rendered":"https:\/\/vinasfm.com\/noticias\/?p=154683"},"modified":"2025-11-07T09:59:17","modified_gmt":"2025-11-07T12:59:17","slug":"mendoza-celebra-el-dia-del-donante-voluntario-de-sangre","status":"publish","type":"post","link":"https:\/\/vinasfm.com\/noticias\/mendoza-celebra-el-dia-del-donante-voluntario-de-sangre\/","title":{"rendered":"MENDOZA CELEBRA EL D\u00cdA DEL DONANTE VOLUNTARIO DE SANGRE"},"content":{"rendered":"<h4><span style=\"color: #003300;\"><strong>El festejo, que est\u00e1 abierto a la comunidad, ser\u00e1 el viernes 7, a las 10, en los jardines del Hospital Central.<\/strong><\/span><\/h4>\n<p>El 9 de noviembre se celebra en Argentina el <strong>D\u00eda Nacional del Donante Voluntario de Sangre<\/strong>. En Mendoza, el Centro Regional de Hemoterapia invita a toda la comunidad a participar en el festejo, que se realizar\u00e1 el viernes 7, desde las 10, en los jardines del Hospital Central.<\/p>\n<p>La fecha de la celebraci\u00f3n fue instituida <strong>en conmemoraci\u00f3n de la primera transfusi\u00f3n realizada con anticoagulante en el pa\u00eds, un hito que marc\u00f3 el inicio de una nueva etapa en la medicina transfusional argentina.<\/strong><\/p>\n<p>Actualmente,<strong> el Centro Regional de Hemoterapia cuenta con 60% de donantes voluntarios<\/strong>, un n\u00famero que refleja el compromiso creciente y sostenido de la sociedad mendocina con la donaci\u00f3n altruista.<\/p>\n<p>La invitaci\u00f3n est\u00e1 abierta a toda la comunidad, especialmente a quienes participaron en las colectas y campa\u00f1as de donaci\u00f3n durante el a\u00f1o. El encuentro ser\u00e1 una oportunidad para agradecer a todos aquellos quienes, con su compromiso y solidaridad, hacen posible que cada d\u00eda m\u00e1s personas accedan a una transfusi\u00f3n segura y oportuna.<\/p>\n","protected":false},"excerpt":{"rendered":"<p>El festejo, que est\u00e1 abierto a la comunidad, ser\u00e1 el viernes 7, a las 10, en los jardines del Hospital Central. &#8230;<\/p>\n","protected":false},"author":7,"featured_media":154684,"comment_status":"open","ping_status":"open","sticky":false,"template":"","format":"standard","meta":{"footnotes":""},"categories":[10,15],"tags":[],"class_list":["post-154683","post","type-post","status-publish","format-standard","has-post-thumbnail","hentry","category-destacadas","category-salud"],"_links":{"self":[{"href":"https:\/\/vinasfm.com\/noticias\/wp-json\/wp\/v2\/posts\/154683","targetHints":{"allow":["GET"]}}],"collection":[{"href":"https:\/\/vinasfm.com\/noticias\/wp-json\/wp\/v2\/posts"}],"about":[{"href":"https:\/\/vinasfm.com\/noticias\/wp-json\/wp\/v2\/types\/post"}],"author":[{"embeddable":true,"href":"https:\/\/vinasfm.com\/noticias\/wp-json\/wp\/v2\/users\/7"}],"replies":[{"embeddable":true,"href":"https:\/\/vinasfm.com\/noticias\/wp-json\/wp\/v2\/comments?post=154683"}],"version-history":[{"count":1,"href":"https:\/\/vinasfm.com\/noticias\/wp-json\/wp\/v2\/posts\/154683\/revisions"}],"predecessor-version":[{"id":154685,"href":"https:\/\/vinasfm.com\/noticias\/wp-json\/wp\/v2\/posts\/154683\/revisions\/154685"}],"wp:featuredmedia":[{"embeddable":true,"href":"https:\/\/vinasfm.com\/noticias\/wp-json\/wp\/v2\/media\/154684"}],"wp:attachment":[{"href":"https:\/\/vinasfm.com\/noticias\/wp-json\/wp\/v2\/media?parent=154683"}],"wp:term":[{"taxonomy":"category","embeddable":true,"href":"https:\/\/vinasfm.com\/noticias\/wp-json\/wp\/v2\/categories?post=154683"},{"taxonomy":"post_tag","embeddable":true,"href":"https:\/\/vinasfm.com\/noticias\/wp-json\/wp\/v2\/tags?post=154683"}],"curies":[{"name":"wp","href":"https:\/\/api.w.org\/{rel}","templated":true}]}}