{"id":154676,"date":"2025-11-05T20:35:30","date_gmt":"2025-11-05T23:35:30","guid":{"rendered":"https:\/\/vinasfm.com\/noticias\/?p=154676"},"modified":"2025-11-06T10:29:11","modified_gmt":"2025-11-06T13:29:11","slug":"un-vuelo-sanitario-reafirma-el-trabajo-conjunto-entre-el-aeroclub-el-hospital-enfermeros-argentinos-y-la-municipalidad-de-general-alvear","status":"publish","type":"post","link":"https:\/\/vinasfm.com\/noticias\/un-vuelo-sanitario-reafirma-el-trabajo-conjunto-entre-el-aeroclub-el-hospital-enfermeros-argentinos-y-la-municipalidad-de-general-alvear\/","title":{"rendered":"UN VUELO SANITARIO REAFIRMA EL TRABAJO CONJUNTO ENTRE EL AEROCLUB, EL HOSPITAL ENFERMEROS ARGENTINOS Y LA MUNICIPALIDAD DE GENERAL ALVEAR"},"content":{"rendered":"<p>En la madrugada de este mi\u00e9rcoles, a las 6:00 horas, despeg\u00f3 desde la nueva pista asfaltada del Aeroclub de General Alvear el avi\u00f3n matr\u00edcula LV-OPD (Piper), acondicionado especialmente para vuelos sanitarios. La aeronave parti\u00f3 rumbo a Buenos Aires para concretar el traslado de un paciente alvearense que se encontraba internado desde hac\u00eda varios meses en la capital del pa\u00eds.<\/p>\n<p>Gracias a las condiciones \u00f3ptimas del nuevo pavimento, el despegue se realiz\u00f3 sin dificultades, garantizando una operaci\u00f3n segura incluso en jornadas de alta humedad o inestabilidad clim\u00e1tica.<\/p>\n<p>El vuelo arrib\u00f3 a Buenos Aires cerca de las 12:30, donde el paciente aguardaba para iniciar su regreso a General Alvear. Luego de la carga de combustible, la tripulaci\u00f3n emprendi\u00f3 el retorno y aterriz\u00f3 en el Aeroclub minutos antes de las 17:00. All\u00ed, una ambulancia del Hospital Enfermeros Argentinos aguardaba para completar el traslado hasta el nosocomio local, donde el paciente continuar\u00e1 su proceso de recuperaci\u00f3n.<\/p>\n<p>La coordinaci\u00f3n del operativo estuvo a cargo del Hospital Enfermeros Argentinos, en articulaci\u00f3n con sus pares de Buenos Aires, el Aeroclub de General Alvear y la Municipalidad. Este trabajo conjunto refleja la capacidad de respuesta del sistema local de salud y la importancia de contar con infraestructura adecuada para brindar asistencia en tiempo y forma.<\/p>\n<p>La presidenta del Aeroclub, Anal\u00eda Garc\u00eda, expres\u00f3 su satisfacci\u00f3n por el \u00e9xito del operativo: \u201cdesde muy temprano parti\u00f3 la aeronave hacia Luj\u00e1n para buscar al paciente y traerlo a General Alvear. Todo se desarroll\u00f3 seg\u00fan lo planificado. Este avi\u00f3n est\u00e1 preparado para traslados sanitarios y puede adaptarse a distintas necesidades. En esta oportunidad no fue necesario el uso de camilla. Es una gran alegr\u00eda ver a nuestros j\u00f3venes pilotos desempe\u00f1arse con tanta responsabilidad, y, sobre todo, comprobar lo que puede lograrse cuando trabajamos junto al hospital y el municipio\u201d.<\/p>\n<p>Los pilotos Marcos Slesarchik y Genaro Catania, ambos de 21 a\u00f1os, fueron los encargados de realizar la misi\u00f3n. Marcos relat\u00f3: \u201cfue mi primer vuelo sanitario. Hicimos una escala en Intendente Alvear para abastecer combustible y luego continuamos hacia Luj\u00e1n. Todo sali\u00f3 perfectamente gracias a la buena coordinaci\u00f3n que tuvimos con Genaro y el apoyo constante del club\u201d.<\/p>\n<p>Por su parte, Genaro destac\u00f3: \u201cme toc\u00f3 el tramo de regreso. Tambi\u00e9n hicimos escala en Intendente Alvear y enfrentamos algunas condiciones clim\u00e1ticas variables, pero pudimos concretar el vuelo sin inconvenientes. Es una experiencia que reconforta, porque uno siente que est\u00e1 ayudando de verdad\u201d.<\/p>\n<p>El director del Hospital Enfermeros Argentinos, Alejandro Torres, subray\u00f3 la importancia del trabajo coordinado, \u201cesto demuestra lo que se puede lograr cuando las instituciones se unen. La Municipalidad construy\u00f3 una pista de primer nivel, el Aeroclub aport\u00f3 su avi\u00f3n y sus pilotos, y desde el hospital realizamos toda la coordinaci\u00f3n sanitaria junto al Hospital Fern\u00e1ndez de Buenos Aires. El paciente, de alta complejidad, ya est\u00e1 siendo atendido en nuestra terapia intensiva. Tambi\u00e9n agradecemos el acompa\u00f1amiento incondicional de la obra social OSEP, que colabor\u00f3 en la gesti\u00f3n del traslado\u201d.<\/p>\n<p>El intendente Alejandro Molero, desde Mendoza, estuvo en comunicaci\u00f3n con las autoridades del aero club y el hospital; expres\u00f3 su satisfacci\u00f3n con el \u00e9xito del operativo y remarc\u00f3: \u201ccuando inauguramos esta pista hace menos de un mes hablabamos de que no solo servir\u00eda para el desarrollo de una actividad deportiva y tur\u00edstica si no que puede salvar vidas y est\u00e1 a disposici\u00f3n de todos los alvearenses\u201d<\/p>\n<p>Este vuelo sanitario simboliza un paso significativo en la capacidad operativa del Aeroclub de General Alvear y consolida el valor de la nueva pista asfaltada, una inversi\u00f3n que permite operaciones seguras durante todo el a\u00f1o.<\/p>\n<p>La articulaci\u00f3n entre las instituciones locales y la comunidad demuestra que, cuando se trabaja con compromiso y solidaridad, se pueden alcanzar resultados que mejoran la calidad de vida de todos los alvearenses.<\/p>\n","protected":false},"excerpt":{"rendered":"<p>En la madrugada de este mi\u00e9rcoles, a las 6:00 horas, despeg\u00f3 desde la nueva pista asfaltada del Aeroclub de General Alvear &#8230;<\/p>\n","protected":false},"author":7,"featured_media":154677,"comment_status":"open","ping_status":"open","sticky":false,"template":"","format":"standard","meta":{"footnotes":""},"categories":[10,15],"tags":[],"class_list":["post-154676","post","type-post","status-publish","format-standard","has-post-thumbnail","hentry","category-destacadas","category-salud"],"_links":{"self":[{"href":"https:\/\/vinasfm.com\/noticias\/wp-json\/wp\/v2\/posts\/154676","targetHints":{"allow":["GET"]}}],"collection":[{"href":"https:\/\/vinasfm.com\/noticias\/wp-json\/wp\/v2\/posts"}],"about":[{"href":"https:\/\/vinasfm.com\/noticias\/wp-json\/wp\/v2\/types\/post"}],"author":[{"embeddable":true,"href":"https:\/\/vinasfm.com\/noticias\/wp-json\/wp\/v2\/users\/7"}],"replies":[{"embeddable":true,"href":"https:\/\/vinasfm.com\/noticias\/wp-json\/wp\/v2\/comments?post=154676"}],"version-history":[{"count":1,"href":"https:\/\/vinasfm.com\/noticias\/wp-json\/wp\/v2\/posts\/154676\/revisions"}],"predecessor-version":[{"id":154678,"href":"https:\/\/vinasfm.com\/noticias\/wp-json\/wp\/v2\/posts\/154676\/revisions\/154678"}],"wp:featuredmedia":[{"embeddable":true,"href":"https:\/\/vinasfm.com\/noticias\/wp-json\/wp\/v2\/media\/154677"}],"wp:attachment":[{"href":"https:\/\/vinasfm.com\/noticias\/wp-json\/wp\/v2\/media?parent=154676"}],"wp:term":[{"taxonomy":"category","embeddable":true,"href":"https:\/\/vinasfm.com\/noticias\/wp-json\/wp\/v2\/categories?post=154676"},{"taxonomy":"post_tag","embeddable":true,"href":"https:\/\/vinasfm.com\/noticias\/wp-json\/wp\/v2\/tags?post=154676"}],"curies":[{"name":"wp","href":"https:\/\/api.w.org\/{rel}","templated":true}]}}