{"id":154669,"date":"2025-11-05T12:10:05","date_gmt":"2025-11-05T15:10:05","guid":{"rendered":"https:\/\/vinasfm.com\/noticias\/?p=154669"},"modified":"2025-11-06T09:51:38","modified_gmt":"2025-11-06T12:51:38","slug":"se-realizo-el-cierre-del-proyecto-camino-seguro-a-la-escuela-en-general-alvear","status":"publish","type":"post","link":"https:\/\/vinasfm.com\/noticias\/se-realizo-el-cierre-del-proyecto-camino-seguro-a-la-escuela-en-general-alvear\/","title":{"rendered":"SE REALIZ\u00d3 EL CIERRE DEL PROYECTO \u201cCAMINO SEGURO A LA ESCUELA\u201d EN GENERAL ALVEAR"},"content":{"rendered":"<h4><span style=\"color: #003300;\">La semana pasada se concret\u00f3 el cierre del proyecto \u201cCamino Seguro a la Escuela\u201d, una iniciativa desarrollada de manera conjunta por la Polic\u00eda de Tr\u00e1nsito Municipal, la Direcci\u00f3n General de Seguridad del Municipio, Inspecci\u00f3n T\u00e9cnica N\u00b0 5 de Educaci\u00f3n F\u00edsica y el programa Municipio Saludable de General Alvear.<\/span><\/h4>\n<p>El proyecto tuvo como prop\u00f3sito promover la seguridad vial de los alumnos que asisten a las escuelas rurales en bicicleta, brind\u00e1ndoles herramientas para circular de forma m\u00e1s segura y visible en la v\u00eda p\u00fablica.<\/p>\n<p>En el marco del cierre,<strong> se realiz\u00f3 la entrega de pecheras a los estudiantes de las instituciones que participaron del programa.<\/strong> En total, fueron 350 pecheras y elementos de seguridad distribuidos entre ocho establecimientos educativos rurales del departamento:<\/p>\n<ul>\n<li>Escuela Mar\u00eda Arduino de Devoto<\/li>\n<li>Escuela Carlos Lagomaggiore<\/li>\n<li>Escuela \u00c1ngel Pacheco<\/li>\n<li>Escuela Pedro Christophersen<\/li>\n<li>Escuela Luis Ponce<\/li>\n<li>Escuela Miguel de Azcu\u00e9naga<\/li>\n<li>Escuela Juan XXIII<\/li>\n<li>Escuela Maximiliano Leiva<\/li>\n<\/ul>\n<p><a href=\"https:\/\/vinasfm.com\/noticias\/wp-content\/uploads\/2025\/11\/IMG-20251105-WA0061.jpg\"><img loading=\"lazy\" decoding=\"async\" class=\"alignnone wp-image-154667\" src=\"https:\/\/vinasfm.com\/noticias\/wp-content\/uploads\/2025\/11\/IMG-20251105-WA0061-1024x768.jpg\" alt=\"\" width=\"360\" height=\"270\" srcset=\"https:\/\/vinasfm.com\/noticias\/wp-content\/uploads\/2025\/11\/IMG-20251105-WA0061-1024x768.jpg 1024w, https:\/\/vinasfm.com\/noticias\/wp-content\/uploads\/2025\/11\/IMG-20251105-WA0061-300x225.jpg 300w, https:\/\/vinasfm.com\/noticias\/wp-content\/uploads\/2025\/11\/IMG-20251105-WA0061-768x576.jpg 768w, https:\/\/vinasfm.com\/noticias\/wp-content\/uploads\/2025\/11\/IMG-20251105-WA0061-1536x1152.jpg 1536w, https:\/\/vinasfm.com\/noticias\/wp-content\/uploads\/2025\/11\/IMG-20251105-WA0061.jpg 1600w\" sizes=\"auto, (max-width: 360px) 100vw, 360px\" \/><\/a> <a href=\"https:\/\/vinasfm.com\/noticias\/wp-content\/uploads\/2025\/11\/IMG-20251105-WA0056.jpg\"><img loading=\"lazy\" decoding=\"async\" class=\"alignnone wp-image-154666\" src=\"https:\/\/vinasfm.com\/noticias\/wp-content\/uploads\/2025\/11\/IMG-20251105-WA0056-1024x768.jpg\" alt=\"\" width=\"360\" height=\"270\" srcset=\"https:\/\/vinasfm.com\/noticias\/wp-content\/uploads\/2025\/11\/IMG-20251105-WA0056-1024x768.jpg 1024w, https:\/\/vinasfm.com\/noticias\/wp-content\/uploads\/2025\/11\/IMG-20251105-WA0056-300x225.jpg 300w, https:\/\/vinasfm.com\/noticias\/wp-content\/uploads\/2025\/11\/IMG-20251105-WA0056-768x576.jpg 768w, https:\/\/vinasfm.com\/noticias\/wp-content\/uploads\/2025\/11\/IMG-20251105-WA0056-1536x1152.jpg 1536w, https:\/\/vinasfm.com\/noticias\/wp-content\/uploads\/2025\/11\/IMG-20251105-WA0056.jpg 1600w\" sizes=\"auto, (max-width: 360px) 100vw, 360px\" \/><\/a><\/p>\n<p>Desde <em>el programa Municipio Saludable<\/em>, <strong><span style=\"color: #003366;\">Anal\u00eda Garc\u00eda<\/span><\/strong> destac\u00f3 la excelente recepci\u00f3n del proyecto por parte de las comunidades educativas.<\/p>\n<p><em><strong>\u201cLa respuesta fue muy positiva por parte de los ni\u00f1os, directivos y docentes de los establecimientos involucrados, quienes agradecieron la iniciativa y resaltaron su importancia para la seguridad vial de los alumnos\u201d<\/strong><\/em>, se\u00f1al\u00f3.<\/p>\n<p>El programa <em>\u201cCamino Seguro a la Escuela\u201d<\/em> busca disminuir los riesgos de tr\u00e1nsito que enfrentan los ni\u00f1os al trasladarse diariamente en bicicleta, promoviendo h\u00e1bitos de movilidad responsable y segura.<\/p>\n<p>Esta acci\u00f3n conjunta refleja el compromiso de las distintas \u00e1reas municipales en la prevenci\u00f3n y educaci\u00f3n vial, fortaleciendo la concientizaci\u00f3n y el cuidado de los m\u00e1s peque\u00f1os en el espacio p\u00fablico.<\/p>\n","protected":false},"excerpt":{"rendered":"<p>La semana pasada se concret\u00f3 el cierre del proyecto \u201cCamino Seguro a la Escuela\u201d, una iniciativa desarrollada de manera conjunta por &#8230;<\/p>\n","protected":false},"author":7,"featured_media":154665,"comment_status":"open","ping_status":"open","sticky":false,"template":"","format":"standard","meta":{"footnotes":""},"categories":[18,56],"tags":[],"class_list":["post-154669","post","type-post","status-publish","format-standard","has-post-thumbnail","hentry","category-educacion","category-seguridad-vial"],"_links":{"self":[{"href":"https:\/\/vinasfm.com\/noticias\/wp-json\/wp\/v2\/posts\/154669","targetHints":{"allow":["GET"]}}],"collection":[{"href":"https:\/\/vinasfm.com\/noticias\/wp-json\/wp\/v2\/posts"}],"about":[{"href":"https:\/\/vinasfm.com\/noticias\/wp-json\/wp\/v2\/types\/post"}],"author":[{"embeddable":true,"href":"https:\/\/vinasfm.com\/noticias\/wp-json\/wp\/v2\/users\/7"}],"replies":[{"embeddable":true,"href":"https:\/\/vinasfm.com\/noticias\/wp-json\/wp\/v2\/comments?post=154669"}],"version-history":[{"count":2,"href":"https:\/\/vinasfm.com\/noticias\/wp-json\/wp\/v2\/posts\/154669\/revisions"}],"predecessor-version":[{"id":154671,"href":"https:\/\/vinasfm.com\/noticias\/wp-json\/wp\/v2\/posts\/154669\/revisions\/154671"}],"wp:featuredmedia":[{"embeddable":true,"href":"https:\/\/vinasfm.com\/noticias\/wp-json\/wp\/v2\/media\/154665"}],"wp:attachment":[{"href":"https:\/\/vinasfm.com\/noticias\/wp-json\/wp\/v2\/media?parent=154669"}],"wp:term":[{"taxonomy":"category","embeddable":true,"href":"https:\/\/vinasfm.com\/noticias\/wp-json\/wp\/v2\/categories?post=154669"},{"taxonomy":"post_tag","embeddable":true,"href":"https:\/\/vinasfm.com\/noticias\/wp-json\/wp\/v2\/tags?post=154669"}],"curies":[{"name":"wp","href":"https:\/\/api.w.org\/{rel}","templated":true}]}}