{"id":154652,"date":"2025-11-05T10:50:04","date_gmt":"2025-11-05T13:50:04","guid":{"rendered":"https:\/\/vinasfm.com\/noticias\/?p=154652"},"modified":"2025-11-06T08:59:46","modified_gmt":"2025-11-06T11:59:46","slug":"continua-la-forestacion-en-el-ingreso-de-la-futura-costanera-de-general-alvear","status":"publish","type":"post","link":"https:\/\/vinasfm.com\/noticias\/continua-la-forestacion-en-el-ingreso-de-la-futura-costanera-de-general-alvear\/","title":{"rendered":"CONTIN\u00daA LA FORESTACI\u00d3N EN EL INGRESO DE LA FUTURA COSTANERA DE GENERAL ALVEAR"},"content":{"rendered":"<h4><span style=\"color: #003300;\"><strong>El personal de Gesti\u00f3n Ambiental avanza con nuevas tareas de forestaci\u00f3n en el ingreso de la futura costanera centro, frente a la cancha del Club Argentino, con el objetivo de embellecer el entorno y fortalecer el arbolado p\u00fablico del departamento.<\/strong><\/span><\/h4>\n<p>En di\u00e1logo con <span style=\"color: #993366;\"><strong>FM VI\u00d1AS<\/strong><\/span>, el <em>asesor de Gesti\u00f3n Ambiental, <\/em><span style=\"color: #003366;\"><strong>Denis Rabanal<\/strong><\/span>, explic\u00f3 que se est\u00e1n <strong>colocando 18 fresnos europeos<\/strong> en el sector sur del ingreso. <em><strong>\u201cYa hab\u00edamos trabajado en el tramo m\u00e1s cercano a la costanera plantando \u00e1lamos, y ahora continuamos frente al estadio de Argentino, donde ya ten\u00edamos listos los nichos para la forestaci\u00f3n\u201d<\/strong><\/em>, detall\u00f3.<\/p>\n<p>El funcionario destac\u00f3 que esta acci\u00f3n forma parte de un <strong>plan integral de reforestaci\u00f3n<\/strong> que se desarrolla junto a la <strong>Secretar\u00eda de Obras y Servicios P\u00fablicos<\/strong> y la <strong>Delegaci\u00f3n de Recursos Naturales<\/strong>.<\/p>\n<p><strong><em>\u201cEste a\u00f1o hemos colocado cerca de 800 plantas en distintos puntos del departamento \u2014en la cancha de Argentino, frente a la Escuela Carlos Mar\u00eda, en la Plaza del Barrio Parque, y sobre calle San Rafael\u2014. Solo en las \u00faltimas semanas se plantaron entre 70 y 80 \u00e1rboles\u201d<\/em><\/strong>, agreg\u00f3.<\/p>\n<p>Los <strong>fresnos europeos<\/strong> fueron seleccionados por su <strong>crecimiento r\u00e1pido y buena sombra<\/strong>, adapt\u00e1ndose bien al clima alvearense y contribuyendo al confort urbano y la mitigaci\u00f3n del calor.<\/p>\n<p><a href=\"https:\/\/vinasfm.com\/noticias\/wp-content\/uploads\/2025\/11\/IMG-20251105-WA0020.jpg\"><img loading=\"lazy\" decoding=\"async\" class=\"alignnone wp-image-154657\" src=\"https:\/\/vinasfm.com\/noticias\/wp-content\/uploads\/2025\/11\/IMG-20251105-WA0020-576x1024.jpg\" alt=\"\" width=\"300\" height=\"533\" srcset=\"https:\/\/vinasfm.com\/noticias\/wp-content\/uploads\/2025\/11\/IMG-20251105-WA0020-576x1024.jpg 576w, https:\/\/vinasfm.com\/noticias\/wp-content\/uploads\/2025\/11\/IMG-20251105-WA0020-169x300.jpg 169w, https:\/\/vinasfm.com\/noticias\/wp-content\/uploads\/2025\/11\/IMG-20251105-WA0020.jpg 720w\" sizes=\"auto, (max-width: 300px) 100vw, 300px\" \/><\/a> <a href=\"https:\/\/vinasfm.com\/noticias\/wp-content\/uploads\/2025\/11\/IMG-20251105-WA0017.jpg\"><img loading=\"lazy\" decoding=\"async\" class=\"alignnone wp-image-154655\" src=\"https:\/\/vinasfm.com\/noticias\/wp-content\/uploads\/2025\/11\/IMG-20251105-WA0017-576x1024.jpg\" alt=\"\" width=\"300\" height=\"533\" srcset=\"https:\/\/vinasfm.com\/noticias\/wp-content\/uploads\/2025\/11\/IMG-20251105-WA0017-576x1024.jpg 576w, https:\/\/vinasfm.com\/noticias\/wp-content\/uploads\/2025\/11\/IMG-20251105-WA0017-169x300.jpg 169w, https:\/\/vinasfm.com\/noticias\/wp-content\/uploads\/2025\/11\/IMG-20251105-WA0017.jpg 720w\" sizes=\"auto, (max-width: 300px) 100vw, 300px\" \/><\/a><\/p>\n<p>Por su parte, <span style=\"color: #000080;\"><strong>Alfredo Reta<\/strong><\/span>, <em>responsable de la Delegaci\u00f3n de Recursos Naturales<\/em>, subray\u00f3 la importancia del trabajo conjunto entre los organismos locales y provinciales: <em><strong>\u201cLa forestaci\u00f3n y el arbolado p\u00fablico son fundamentales porque mejoran la calidad de vida de la ciudadan\u00eda. Desde la Secretar\u00eda de Ambiente y la delegaci\u00f3n local trabajamos junto al municipio en la producci\u00f3n de especies forestales en el vivero de calle 7\u201d.<\/strong><\/em><\/p>\n<p>Reta tambi\u00e9n record\u00f3 a los vecinos la <strong>importancia de colaborar con el cuidado y riego de los \u00e1rboles<\/strong> ubicados frente a sus domicilios y de solicitar los <strong>pedidos de poda o recambio<\/strong> dentro del per\u00edodo adecuado: <em><strong>\u201cLos pedidos se reciben entre marzo y junio, y las tareas de poda o erradicaci\u00f3n se realizan entre julio y agosto. Es clave que los vecinos participen en el mantenimiento del arbolado, que es un recurso esencial para el bienestar ambiental de la ciudad\u201d.<\/strong><\/em><\/p>\n<p>Con estas acciones, el municipio reafirma su compromiso con la <strong>gesti\u00f3n ambiental sostenible<\/strong> y la <strong>creaci\u00f3n de espacios verdes<\/strong> que acompa\u00f1en el desarrollo de la futura costanera, una obra que transformar\u00e1 el paisaje urbano de General Alvear.<\/p>\n","protected":false},"excerpt":{"rendered":"<p>El personal de Gesti\u00f3n Ambiental avanza con nuevas tareas de forestaci\u00f3n en el ingreso de la futura costanera centro, frente a &#8230;<\/p>\n","protected":false},"author":7,"featured_media":154656,"comment_status":"open","ping_status":"open","sticky":false,"template":"","format":"standard","meta":{"footnotes":""},"categories":[5,10],"tags":[],"class_list":["post-154652","post","type-post","status-publish","format-standard","has-post-thumbnail","hentry","category-actualidad","category-destacadas"],"_links":{"self":[{"href":"https:\/\/vinasfm.com\/noticias\/wp-json\/wp\/v2\/posts\/154652","targetHints":{"allow":["GET"]}}],"collection":[{"href":"https:\/\/vinasfm.com\/noticias\/wp-json\/wp\/v2\/posts"}],"about":[{"href":"https:\/\/vinasfm.com\/noticias\/wp-json\/wp\/v2\/types\/post"}],"author":[{"embeddable":true,"href":"https:\/\/vinasfm.com\/noticias\/wp-json\/wp\/v2\/users\/7"}],"replies":[{"embeddable":true,"href":"https:\/\/vinasfm.com\/noticias\/wp-json\/wp\/v2\/comments?post=154652"}],"version-history":[{"count":3,"href":"https:\/\/vinasfm.com\/noticias\/wp-json\/wp\/v2\/posts\/154652\/revisions"}],"predecessor-version":[{"id":154658,"href":"https:\/\/vinasfm.com\/noticias\/wp-json\/wp\/v2\/posts\/154652\/revisions\/154658"}],"wp:featuredmedia":[{"embeddable":true,"href":"https:\/\/vinasfm.com\/noticias\/wp-json\/wp\/v2\/media\/154656"}],"wp:attachment":[{"href":"https:\/\/vinasfm.com\/noticias\/wp-json\/wp\/v2\/media?parent=154652"}],"wp:term":[{"taxonomy":"category","embeddable":true,"href":"https:\/\/vinasfm.com\/noticias\/wp-json\/wp\/v2\/categories?post=154652"},{"taxonomy":"post_tag","embeddable":true,"href":"https:\/\/vinasfm.com\/noticias\/wp-json\/wp\/v2\/tags?post=154652"}],"curies":[{"name":"wp","href":"https:\/\/api.w.org\/{rel}","templated":true}]}}