{"id":154641,"date":"2025-11-05T09:41:54","date_gmt":"2025-11-05T12:41:54","guid":{"rendered":"https:\/\/vinasfm.com\/noticias\/?p=154641"},"modified":"2025-11-06T09:53:19","modified_gmt":"2025-11-06T12:53:19","slug":"anses-oficializo-los-nuevos-montos-de-jubilaciones-y-asignaciones-familiares-desde-noviembre","status":"publish","type":"post","link":"https:\/\/vinasfm.com\/noticias\/anses-oficializo-los-nuevos-montos-de-jubilaciones-y-asignaciones-familiares-desde-noviembre\/","title":{"rendered":"ANSES OFICIALIZ\u00d3 LOS NUEVOS MONTOS DE JUBILACIONES Y ASIGNACIONES FAMILIARES DESDE NOVIEMBRE"},"content":{"rendered":"<h4><span style=\"color: #003300;\"><strong>La medida se conoci\u00f3 en las primeras horas de este mi\u00e9rcoles. El haber m\u00ednimo quedar\u00e1 en $333.150,65.<\/strong><\/span><\/h4>\n<div class=\"article-body first\">\n<div class=\"article-content\">\n<div class=\"cuerpo\" data-twitter-link=\"\">\n<p><strong>La Administraci\u00f3n Nacional de la Seguridad Social\u00a0<\/strong>public\u00f3 en el Bolet\u00edn Oficial las resoluciones 338\/2025 y 339\/2025, que establecen los nuevos valores de\u00a0<strong>jubilaciones<\/strong>, pensiones y<strong>\u00a0asignaciones familiare<\/strong>s correspondientes a noviembre de 2025. El incremento ser\u00e1 del 2,08%, en l\u00ednea con la variaci\u00f3n del \u00cdndice de Precios al Consumidor (IPC).<\/p>\n<\/div>\n<\/div>\n<\/div>\n<div class=\"article-body\">\n<div class=\"article-content\">\n<div class=\"cuerpo\" data-twitter-link=\"\">\n<p>Con este ajuste, la jubilaci\u00f3n m\u00ednima pasa a $333.150,65, a lo que se suma un bono extraordinario de $70.000 para quienes perciben ese haber. De esta forma, el ingreso total alcanzar\u00e1 los $403.058,39.<\/p>\n<div class=\"article-body\">\n<div class=\"article-content\">\n<div class=\"cuerpo\" data-twitter-link=\"\">\n<h2>Refuerzo para las pensiones y jubilaciones<\/h2>\n<p>El refuerzo tambi\u00e9n beneficiar\u00e1 a quienes cobren haberes\u00a0<strong>inferiores a $403.150<\/strong>, con montos proporcionales para igualar ese piso mensual. En cambio, quienes superen ese umbral no recibir\u00e1n el bono adicional.<\/p>\n<\/div>\n<\/div>\n<\/div>\n<div class=\"article-body third-p\">\n<div class=\"article-content\">\n<div class=\"cuerpo\" data-twitter-link=\"\">\n<p>La medida, vigente desde\u00a0<strong>marzo de 2024<\/strong>, mantiene la\u00a0<strong>actualizaci\u00f3n mensual del bono complementario<\/strong>, una pol\u00edtica que busca\u00a0<strong>compensar la p\u00e9rdida de poder adquisitivo<\/strong>\u00a0frente a la inflaci\u00f3n.<\/p>\n<p>Adem\u00e1s, el\u00a0<strong>haber m\u00e1ximo<\/strong>\u00a0se eleva a\u00a0<strong>$2.241.349,35<\/strong>, mientras que la\u00a0<strong>Pensi\u00f3n Universal para el Adulto Mayor (PUAM)<\/strong>\u00a0asciende a\u00a0<strong>$266.468,31<\/strong>, tambi\u00e9n con derecho al refuerzo de $70.000. Las\u00a0<strong>Pensiones No Contributivas (PNC)<\/strong>, por su parte, aumentan a\u00a0<strong>$233.252<\/strong><\/p>\n<p><img decoding=\"async\" src=\"https:\/\/media.diariouno.com.ar\/p\/2cd1815edf8fb9e849af8a6de28e0f0c\/adjuntos\/298\/imagenes\/009\/649\/0009649087\/1200x0\/smart\/jubilados-anses-3.jpg\" alt=\"ANSES inform\u00f3 de un aumento y confirm\u00f3 que ser\u00e1 en noviembre.\" \/><\/p>\n<h2>Asignaciones familiares actualizadas<\/h2>\n<p>El aumento tambi\u00e9n alcanza a las\u00a0<strong>asignaciones familiares<\/strong>, que se ajustan bajo el mismo \u00edndice. La\u00a0<strong>Asignaci\u00f3n Universal por Hijo (AUH)<\/strong>\u00a0se fija en\u00a0<strong>$119.691<\/strong>, y se actualizan adem\u00e1s los valores por\u00a0<strong>nacimiento, adopci\u00f3n, matrimonio y ayuda escolar anual<\/strong>, con montos diferenciados seg\u00fan zona geogr\u00e1fica.<\/p>\n<p>Entre los principales valores:<\/p>\n<ul>\n<li><strong>Nacimiento:<\/strong>\u00a0$69.763<\/li>\n<li><strong>Adopci\u00f3n:<\/strong>\u00a0$417.116<\/li>\n<li><strong>Matrimonio:<\/strong>\u00a0$104.459<\/li>\n<li><strong>Hijo (IGF hasta $926.676):<\/strong>\u00a0$59.851 (valor general)<\/li>\n<li><strong>Hijo con discapacidad:<\/strong>\u00a0$194.873 (valor general)<\/li>\n<li><strong>Ayuda escolar anual:<\/strong>\u00a0$42.039 (valor general)<\/li>\n<\/ul>\n<\/div>\n<\/div>\n<\/div>\n<\/div>\n<\/div>\n<\/div>\n","protected":false},"excerpt":{"rendered":"<p>La medida se conoci\u00f3 en las primeras horas de este mi\u00e9rcoles. El haber m\u00ednimo quedar\u00e1 en $333.150,65. La Administraci\u00f3n Nacional de &#8230;<\/p>\n","protected":false},"author":7,"featured_media":154642,"comment_status":"open","ping_status":"open","sticky":false,"template":"","format":"standard","meta":{"footnotes":""},"categories":[50,16],"tags":[],"class_list":["post-154641","post","type-post","status-publish","format-standard","has-post-thumbnail","hentry","category-anses","category-economia"],"_links":{"self":[{"href":"https:\/\/vinasfm.com\/noticias\/wp-json\/wp\/v2\/posts\/154641","targetHints":{"allow":["GET"]}}],"collection":[{"href":"https:\/\/vinasfm.com\/noticias\/wp-json\/wp\/v2\/posts"}],"about":[{"href":"https:\/\/vinasfm.com\/noticias\/wp-json\/wp\/v2\/types\/post"}],"author":[{"embeddable":true,"href":"https:\/\/vinasfm.com\/noticias\/wp-json\/wp\/v2\/users\/7"}],"replies":[{"embeddable":true,"href":"https:\/\/vinasfm.com\/noticias\/wp-json\/wp\/v2\/comments?post=154641"}],"version-history":[{"count":3,"href":"https:\/\/vinasfm.com\/noticias\/wp-json\/wp\/v2\/posts\/154641\/revisions"}],"predecessor-version":[{"id":154682,"href":"https:\/\/vinasfm.com\/noticias\/wp-json\/wp\/v2\/posts\/154641\/revisions\/154682"}],"wp:featuredmedia":[{"embeddable":true,"href":"https:\/\/vinasfm.com\/noticias\/wp-json\/wp\/v2\/media\/154642"}],"wp:attachment":[{"href":"https:\/\/vinasfm.com\/noticias\/wp-json\/wp\/v2\/media?parent=154641"}],"wp:term":[{"taxonomy":"category","embeddable":true,"href":"https:\/\/vinasfm.com\/noticias\/wp-json\/wp\/v2\/categories?post=154641"},{"taxonomy":"post_tag","embeddable":true,"href":"https:\/\/vinasfm.com\/noticias\/wp-json\/wp\/v2\/tags?post=154641"}],"curies":[{"name":"wp","href":"https:\/\/api.w.org\/{rel}","templated":true}]}}