{"id":154630,"date":"2025-11-05T08:37:22","date_gmt":"2025-11-05T11:37:22","guid":{"rendered":"https:\/\/vinasfm.com\/noticias\/?p=154630"},"modified":"2025-11-07T08:49:56","modified_gmt":"2025-11-07T11:49:56","slug":"la-universidad-siglo-21-continua-consolidando-su-presencia-educativa-en-alvear","status":"publish","type":"post","link":"https:\/\/vinasfm.com\/noticias\/la-universidad-siglo-21-continua-consolidando-su-presencia-educativa-en-alvear\/","title":{"rendered":"LA UNIVERSIDAD SIGLO 21 CONTIN\u00daA CONSOLIDANDO SU PRESENCIA EDUCATIVA EN ALVEAR"},"content":{"rendered":"<p><span style=\"color: #003300;\"><strong>En di\u00e1logo con FM VI\u00d1AS, Sergio M\u00e9ndez, representante de la sede local de la Universidad Siglo 21, destac\u00f3 el crecimiento y la amplia oferta acad\u00e9mica que la instituci\u00f3n mantiene en el Sur mendocino desde hace m\u00e1s de una d\u00e9cada.<\/strong><\/span><\/p>\n<p>La sede, ubicada en la esquina de <strong>Pi\u00e9rola y Belgrano<\/strong>, ofrece <strong>m\u00e1s de 80 carreras a distancia<\/strong>, entre <strong>tecnicaturas y licenciaturas<\/strong>, que permiten a j\u00f3venes y adultos de distintas edades <strong>iniciar, continuar o finalizar sus estudios<\/strong> sin necesidad de trasladarse a otras provincias.<\/p>\n<p><strong><em>\u201cTenemos carreras tradicionales como Contador o Administraci\u00f3n, pero tambi\u00e9n una gran variedad en nuevas \u00e1reas como<\/em> agroinform\u00e1tica, energ\u00edas renovables, bioinform\u00e1tica, log\u00edstica, seguridad e higiene, finanzas, educaci\u00f3n, psicopedagog\u00eda e inteligencia artificial\u201d<\/strong>, explic\u00f3 M\u00e9ndez.<\/p>\n<p>El referente local subray\u00f3 adem\u00e1s el impacto social y econ\u00f3mico que genera contar con una sede universitaria de modalidad a distancia:<em><strong> \u201cEstudiar desde tu ciudad reduce costos y evita el desarraigo. Muchos alumnos que antes deb\u00edan mudarse a Mendoza o C\u00f3rdoba ahora pueden formarse y trabajar desde su lugar de origen\u201d.<\/strong><\/em><\/p>\n<p>Actualmente, los <strong>egresados locales superan los 110<\/strong>, contribuyendo a fortalecer el desarrollo profesional y productivo del sur mendocino.<\/p>\n<p>En cuanto al sistema de evaluaci\u00f3n, <span style=\"color: #003366;\"><strong>M\u00e9ndez<\/strong><\/span> aclar\u00f3 que las <strong>licenciaturas requieren rendir una tesis final<\/strong>, que hasta el momento se realiza en la sede central de C\u00f3rdoba, aunque cada vez m\u00e1s ex\u00e1menes se est\u00e1n <strong>descentralizando hacia Mendoza<\/strong>.<\/p>\n<p>La inscripci\u00f3n para el <strong>ciclo 2026<\/strong> ya se encuentra abierta. Los interesados pueden acercarse a la sede de General Alvear, comunicarse por <strong>WhatsApp al 2625 46-1215<\/strong>, o visitar las instalaciones en los horarios de <strong>8:30 a 12:00 y de 16:30 a 20:30<\/strong>.<\/p>\n<p><strong><em>\u201cInvitamos a todos los que quieran estudiar a acercarse. Hay<\/em> becas disponibles y distintas promociones que hacen m\u00e1s accesible el arancel\u201d<\/strong>, concluy\u00f3 M\u00e9ndez.<\/p>\n<p><strong>La <a href=\"https:\/\/inscribite.21.edu.ar\/oferta-2025?utm_content=Siglo21_Conversion_General_Brand_Virtual&amp;utm_id=anuncio1&amp;utm_source_platform=adwords&amp;utm_term=universidad%20siglo%2021&amp;utm_campaign=Siglo21_Conversion_General_Brand-Pura_Virtual&amp;utm_source=adwords&amp;utm_medium=ppc&amp;hsa_acc=9922330558&amp;hsa_cam=23041446422&amp;hsa_grp=189656555470&amp;hsa_ad=775236833036&amp;hsa_src=g&amp;hsa_tgt=kwd-25462701917&amp;hsa_kw=universidad%20siglo%2021&amp;hsa_mt=p&amp;hsa_net=adwords&amp;hsa_ver=3&amp;gad_source=1&amp;gad_campaignid=23041446422&amp;gclid=Cj0KCQiA5abIBhCaARIsAM3-zFUXJjssenRS0a4t7nBYGqciilGyAq0B4-1CA5Y9Zc9TnUfcNau7u7caAjLcEALw_wcB\">Universidad Siglo 21<\/a><\/strong>, con m\u00e1s de diez a\u00f1os de presencia en Alvear, contin\u00faa acercando la educaci\u00f3n superior a toda la regi\u00f3n, con una propuesta moderna, flexible y adaptada a las nuevas demandas del mundo laboral.<\/p>\n","protected":false},"excerpt":{"rendered":"<p>En di\u00e1logo con FM VI\u00d1AS, Sergio M\u00e9ndez, representante de la sede local de la Universidad Siglo 21, destac\u00f3 el crecimiento y &#8230;<\/p>\n","protected":false},"author":7,"featured_media":154629,"comment_status":"open","ping_status":"open","sticky":false,"template":"","format":"standard","meta":{"footnotes":""},"categories":[10,18],"tags":[],"class_list":["post-154630","post","type-post","status-publish","format-standard","has-post-thumbnail","hentry","category-destacadas","category-educacion"],"_links":{"self":[{"href":"https:\/\/vinasfm.com\/noticias\/wp-json\/wp\/v2\/posts\/154630","targetHints":{"allow":["GET"]}}],"collection":[{"href":"https:\/\/vinasfm.com\/noticias\/wp-json\/wp\/v2\/posts"}],"about":[{"href":"https:\/\/vinasfm.com\/noticias\/wp-json\/wp\/v2\/types\/post"}],"author":[{"embeddable":true,"href":"https:\/\/vinasfm.com\/noticias\/wp-json\/wp\/v2\/users\/7"}],"replies":[{"embeddable":true,"href":"https:\/\/vinasfm.com\/noticias\/wp-json\/wp\/v2\/comments?post=154630"}],"version-history":[{"count":3,"href":"https:\/\/vinasfm.com\/noticias\/wp-json\/wp\/v2\/posts\/154630\/revisions"}],"predecessor-version":[{"id":154775,"href":"https:\/\/vinasfm.com\/noticias\/wp-json\/wp\/v2\/posts\/154630\/revisions\/154775"}],"wp:featuredmedia":[{"embeddable":true,"href":"https:\/\/vinasfm.com\/noticias\/wp-json\/wp\/v2\/media\/154629"}],"wp:attachment":[{"href":"https:\/\/vinasfm.com\/noticias\/wp-json\/wp\/v2\/media?parent=154630"}],"wp:term":[{"taxonomy":"category","embeddable":true,"href":"https:\/\/vinasfm.com\/noticias\/wp-json\/wp\/v2\/categories?post=154630"},{"taxonomy":"post_tag","embeddable":true,"href":"https:\/\/vinasfm.com\/noticias\/wp-json\/wp\/v2\/tags?post=154630"}],"curies":[{"name":"wp","href":"https:\/\/api.w.org\/{rel}","templated":true}]}}