{"id":154598,"date":"2025-11-04T11:22:14","date_gmt":"2025-11-04T14:22:14","guid":{"rendered":"https:\/\/vinasfm.com\/noticias\/?p=154598"},"modified":"2025-11-05T09:59:29","modified_gmt":"2025-11-05T12:59:29","slug":"se-abrieron-las-inscripciones-para-la-segunda-cohorte-del-profesorado-y-licenciatura-en-educacion-fisica-en-general-alvear","status":"publish","type":"post","link":"https:\/\/vinasfm.com\/noticias\/se-abrieron-las-inscripciones-para-la-segunda-cohorte-del-profesorado-y-licenciatura-en-educacion-fisica-en-general-alvear\/","title":{"rendered":"SE ABRIERON LAS INSCRIPCIONES PARA LA SEGUNDA COHORTE DEL PROFESORADO Y LICENCIATURA EN EDUCACI\u00d3N F\u00cdSICA EN GENERAL ALVEAR"},"content":{"rendered":"<h4><strong>El director de Educaci\u00f3n de General Alvear, Jos\u00e9 Mor\u00e1n, anunci\u00f3 en di\u00e1logo con FM VI\u00d1AS la apertura de inscripciones para la segunda cohorte del Profesorado y Licenciatura en Educaci\u00f3n F\u00edsica, una propuesta acad\u00e9mica que se dicta en convenio con la Universidad Juan Agust\u00edn Maza.<\/strong><\/h4>\n<p><em><strong>\u201cEs una alegr\u00eda enorme poder anunciar que ya abrimos las inscripciones y en apenas un d\u00eda y medio ya contamos con m\u00e1s de 54 j\u00f3venes inscriptos\u201d<\/strong><\/em>, expres\u00f3 Mor\u00e1n. <strong><em>\u201cEste logro comenz\u00f3 el a\u00f1o pasado, cuando firmamos el convenio con la Universidad Maza, lo que nos permiti\u00f3 ofrecer por primera vez esta carrera de grado en General Alvear\u201d.<\/em><\/strong><\/p>\n<p>El funcionario destac\u00f3 que <strong>las inscripciones se realizan en la Direcci\u00f3n de Educaci\u00f3n<\/strong>, ubicada en <strong>Chapeaurouge 15<\/strong>, de lunes a viernes de <strong>08:00 a 13:00 horas<\/strong>, y se mantendr\u00e1n abiertas durante los pr\u00f3ximos <strong>10 a 15 d\u00edas<\/strong>. Los interesados deben acercarse personalmente para dejar sus datos, tras lo cual la universidad se comunicar\u00e1 para solicitar la documentaci\u00f3n correspondiente.<\/p>\n<p><a href=\"https:\/\/vinasfm.com\/noticias\/wp-content\/uploads\/2025\/11\/IMG-20251104-WA0025.jpg\"><img loading=\"lazy\" decoding=\"async\" class=\"wp-image-154601 aligncenter\" src=\"https:\/\/vinasfm.com\/noticias\/wp-content\/uploads\/2025\/11\/IMG-20251104-WA0025-819x1024.jpg\" alt=\"\" width=\"400\" height=\"500\" srcset=\"https:\/\/vinasfm.com\/noticias\/wp-content\/uploads\/2025\/11\/IMG-20251104-WA0025-819x1024.jpg 819w, https:\/\/vinasfm.com\/noticias\/wp-content\/uploads\/2025\/11\/IMG-20251104-WA0025-240x300.jpg 240w, https:\/\/vinasfm.com\/noticias\/wp-content\/uploads\/2025\/11\/IMG-20251104-WA0025-768x960.jpg 768w, https:\/\/vinasfm.com\/noticias\/wp-content\/uploads\/2025\/11\/IMG-20251104-WA0025-1229x1536.jpg 1229w, https:\/\/vinasfm.com\/noticias\/wp-content\/uploads\/2025\/11\/IMG-20251104-WA0025.jpg 1280w\" sizes=\"auto, (max-width: 400px) 100vw, 400px\" \/><\/a><\/p>\n<p><em><strong>\u201cEste a\u00f1o tenemos un cupo limitado de entre 50 y 60 alumnos. Seguramente la demanda supere ese n\u00famero, pero la universidad realizar\u00e1 una selecci\u00f3n en base a los requisitos solicitados\u201d<\/strong><\/em>, detall\u00f3 Mor\u00e1n.<\/p>\n<p>Las clases se dictan en el <strong>Polideportivo de General Alvear<\/strong>, donde la instituci\u00f3n cuenta con un aula equipada para las actividades te\u00f3ricas y pr\u00e1cticas. Los estudiantes cursan <strong>de lunes a jueves de manera virtual<\/strong>, mientras que los <strong>viernes y s\u00e1bados<\/strong> asisten presencialmente para las pr\u00e1cticas.<\/p>\n<p><em><strong>\u201cEsto les permite a los j\u00f3venes estudiar sin tener que dejar el departamento, trabajar y realizar otras actividades\u201d<\/strong><\/em>, explic\u00f3 el director.<em><strong> \u201cAdem\u00e1s, la Municipalidad de General Alvear subsidia alrededor del 70% del costo total, por lo que cada alumno solo paga el 30% de la cuota, lo que representa una gran ayuda econ\u00f3mica\u201d.<\/strong><\/em><\/p>\n<p>Mor\u00e1n subray\u00f3 que esta propuesta consolida a <strong>General Alvear como un polo educativo regional<\/strong>, ya que cada vez m\u00e1s estudiantes de departamentos y provincias vecinas eligen formarse en la ciudad.<\/p>\n<p><strong><em>\u201cEstamos apostando a la educaci\u00f3n y a que nuestros j\u00f3venes se queden y crezcan aqu\u00ed. Esta es una oportunidad \u00fanica para estudiar una carrera de grado sin salir de General Alvear\u201d<\/em><\/strong>, concluy\u00f3.<\/p>\n","protected":false},"excerpt":{"rendered":"<p>El director de Educaci\u00f3n de General Alvear, Jos\u00e9 Mor\u00e1n, anunci\u00f3 en di\u00e1logo con FM VI\u00d1AS la apertura de inscripciones para la &#8230;<\/p>\n","protected":false},"author":7,"featured_media":154605,"comment_status":"open","ping_status":"open","sticky":false,"template":"","format":"standard","meta":{"footnotes":""},"categories":[10,18],"tags":[],"class_list":["post-154598","post","type-post","status-publish","format-standard","has-post-thumbnail","hentry","category-destacadas","category-educacion"],"_links":{"self":[{"href":"https:\/\/vinasfm.com\/noticias\/wp-json\/wp\/v2\/posts\/154598","targetHints":{"allow":["GET"]}}],"collection":[{"href":"https:\/\/vinasfm.com\/noticias\/wp-json\/wp\/v2\/posts"}],"about":[{"href":"https:\/\/vinasfm.com\/noticias\/wp-json\/wp\/v2\/types\/post"}],"author":[{"embeddable":true,"href":"https:\/\/vinasfm.com\/noticias\/wp-json\/wp\/v2\/users\/7"}],"replies":[{"embeddable":true,"href":"https:\/\/vinasfm.com\/noticias\/wp-json\/wp\/v2\/comments?post=154598"}],"version-history":[{"count":4,"href":"https:\/\/vinasfm.com\/noticias\/wp-json\/wp\/v2\/posts\/154598\/revisions"}],"predecessor-version":[{"id":154604,"href":"https:\/\/vinasfm.com\/noticias\/wp-json\/wp\/v2\/posts\/154598\/revisions\/154604"}],"wp:featuredmedia":[{"embeddable":true,"href":"https:\/\/vinasfm.com\/noticias\/wp-json\/wp\/v2\/media\/154605"}],"wp:attachment":[{"href":"https:\/\/vinasfm.com\/noticias\/wp-json\/wp\/v2\/media?parent=154598"}],"wp:term":[{"taxonomy":"category","embeddable":true,"href":"https:\/\/vinasfm.com\/noticias\/wp-json\/wp\/v2\/categories?post=154598"},{"taxonomy":"post_tag","embeddable":true,"href":"https:\/\/vinasfm.com\/noticias\/wp-json\/wp\/v2\/tags?post=154598"}],"curies":[{"name":"wp","href":"https:\/\/api.w.org\/{rel}","templated":true}]}}