{"id":154565,"date":"2025-11-04T08:20:12","date_gmt":"2025-11-04T11:20:12","guid":{"rendered":"https:\/\/vinasfm.com\/noticias\/?p=154565"},"modified":"2025-11-05T10:00:52","modified_gmt":"2025-11-05T13:00:52","slug":"comenzo-el-periodo-de-recuperacion-de-saberes-para-el-secundario","status":"publish","type":"post","link":"https:\/\/vinasfm.com\/noticias\/comenzo-el-periodo-de-recuperacion-de-saberes-para-el-secundario\/","title":{"rendered":"COMENZ\u00d3 EL PER\u00cdODO DE RECUPERACI\u00d3N DE SABERES PARA EL SECUNDARIO"},"content":{"rendered":"<h4><span style=\"color: #003300;\"><strong>Se prolongar\u00e1 hasta el viernes 28 de noviembre para los estudiantes que tengan espacios pendientes de aprobaci\u00f3n, como tambi\u00e9n para los egresados que adeuden materias. Las instituciones informar\u00e1n la modalidad y horarios disponibles.<\/strong><\/span><\/h4>\n<p>La <strong>Direcci\u00f3n General de Escuelas<\/strong> <em>(DGE)<\/em> comunica que ya comenz\u00f3 el per\u00edodo de recuperaci\u00f3n de saberes para <strong>estudiantes de nivel secundario con espacios curriculares pendientes de aprobaci\u00f3n, libres por equivalencias, y para egresados y egresadas.<\/strong> La instancia se extender\u00e1 hasta el 28 de noviembre.<\/p>\n<p>El per\u00edodo de recuperaci\u00f3n de saberes posibilita aprobar las materias adeudadas. Cada escuela organiza las actividades necesarias para que los estudiantes logren el egreso efectivo<\/p>\n<p>Al respecto, autoridades de la DGE resaltaron que <strong>se trata de un per\u00edodo de recuperaci\u00f3n formativa y continua, para la cual cada instituci\u00f3n organiza y desarrolla su modalidad para que los estudiantes o egresados puedan rendir o para acompa\u00f1arlos en esa trayectoria adeudada.<\/strong><\/p>\n","protected":false},"excerpt":{"rendered":"<p>Se prolongar\u00e1 hasta el viernes 28 de noviembre para los estudiantes que tengan espacios pendientes de aprobaci\u00f3n, como tambi\u00e9n para los &#8230;<\/p>\n","protected":false},"author":7,"featured_media":154566,"comment_status":"open","ping_status":"open","sticky":false,"template":"","format":"standard","meta":{"footnotes":""},"categories":[10,18],"tags":[],"class_list":["post-154565","post","type-post","status-publish","format-standard","has-post-thumbnail","hentry","category-destacadas","category-educacion"],"_links":{"self":[{"href":"https:\/\/vinasfm.com\/noticias\/wp-json\/wp\/v2\/posts\/154565","targetHints":{"allow":["GET"]}}],"collection":[{"href":"https:\/\/vinasfm.com\/noticias\/wp-json\/wp\/v2\/posts"}],"about":[{"href":"https:\/\/vinasfm.com\/noticias\/wp-json\/wp\/v2\/types\/post"}],"author":[{"embeddable":true,"href":"https:\/\/vinasfm.com\/noticias\/wp-json\/wp\/v2\/users\/7"}],"replies":[{"embeddable":true,"href":"https:\/\/vinasfm.com\/noticias\/wp-json\/wp\/v2\/comments?post=154565"}],"version-history":[{"count":1,"href":"https:\/\/vinasfm.com\/noticias\/wp-json\/wp\/v2\/posts\/154565\/revisions"}],"predecessor-version":[{"id":154567,"href":"https:\/\/vinasfm.com\/noticias\/wp-json\/wp\/v2\/posts\/154565\/revisions\/154567"}],"wp:featuredmedia":[{"embeddable":true,"href":"https:\/\/vinasfm.com\/noticias\/wp-json\/wp\/v2\/media\/154566"}],"wp:attachment":[{"href":"https:\/\/vinasfm.com\/noticias\/wp-json\/wp\/v2\/media?parent=154565"}],"wp:term":[{"taxonomy":"category","embeddable":true,"href":"https:\/\/vinasfm.com\/noticias\/wp-json\/wp\/v2\/categories?post=154565"},{"taxonomy":"post_tag","embeddable":true,"href":"https:\/\/vinasfm.com\/noticias\/wp-json\/wp\/v2\/tags?post=154565"}],"curies":[{"name":"wp","href":"https:\/\/api.w.org\/{rel}","templated":true}]}}