{"id":154530,"date":"2025-11-02T10:21:11","date_gmt":"2025-11-02T13:21:11","guid":{"rendered":"https:\/\/vinasfm.com\/noticias\/?p=154530"},"modified":"2025-11-03T10:26:28","modified_gmt":"2025-11-03T13:26:28","slug":"los-crotitos-del-andes-f-c-representaran-a-general-alvear-en-un-torneo-nacional-organizado-por-rosario-central","status":"publish","type":"post","link":"https:\/\/vinasfm.com\/noticias\/los-crotitos-del-andes-f-c-representaran-a-general-alvear-en-un-torneo-nacional-organizado-por-rosario-central\/","title":{"rendered":"LOS \u201cCROTITOS\u201d DEL ANDES F.C. REPRESENTAR\u00c1N A GENERAL ALVEAR EN UN TORNEO NACIONAL ORGANIZADO POR ROSARIO CENTRAL"},"content":{"rendered":"<p><span style=\"color: #003300;\"><strong>El f\u00fatbol infantil del Andes F.C. atraviesa un gran momento. En di\u00e1logo con FM Vi\u00f1as, el coordinador del \u00e1rea, C\u00e9sar Araya, cont\u00f3 que el equipo categor\u00eda 2013 \u2014conocido como <em>los Crotitos<\/em>\u2014 se consagr\u00f3 campe\u00f3n en un torneo disputado recientemente en la ciudad de San Rafael, y gracias a ese logro obtuvo el derecho de participar en un importante certamen organizado por Rosario Central.<\/strong><\/span><\/p>\n<p><em><strong>\u201cFue muy emotivo ganarlo. Nos comunicaron la noticia y la emoci\u00f3n de los chicos fue enorme. Ahora vamos a Rosario a representar al club y al departamento\u201d<\/strong><\/em>, expres\u00f3 Araya.<\/p>\n<p>El torneo se disputar\u00e1 del <strong>4 al 8 de diciembre<\/strong> en el predio que el club rosarino posee a orillas del r\u00edo Paran\u00e1, y, si todo se mantiene seg\u00fan lo previsto, <strong>la final se jugar\u00e1 en el estadio \u201cGigante de Arroyito\u201d<\/strong>.<\/p>\n<p>El coordinador destac\u00f3 adem\u00e1s un detalle particular: la <strong>camiseta del Andes F.C. es similar a la de Rosario Central<\/strong>, algo que despierta a\u00fan m\u00e1s entusiasmo entre los jugadores. <em><strong>\u201cHasta el jefe de captaci\u00f3n de Rosario nos dijo que nos vamos a sentir locales all\u00e1. Creemos que los colores del club se deben a que el primer presidente de Andes era oriundo de Rosario\u201d<\/strong><\/em>, coment\u00f3 Araya.<\/p>\n<p>Actualmente, el f\u00fatbol infantil del Andes F.C. re\u00fane a <strong>unos 180 ni\u00f1os<\/strong>, desde los 5 hasta los 13 a\u00f1os. Araya resalt\u00f3 el compromiso de todo el grupo: \u201c<em><strong>Tenemos un excelente equipo de profesores y un grupo de padres que trabaja a la par de nosotros. Las mam\u00e1s y los pap\u00e1s se involucran much\u00edsimo; sin ellos nada ser\u00eda posible\u201d.<\/strong><\/em><\/p>\n<p>El viaje a Rosario promete ser una <strong>experiencia inolvidable<\/strong> para los peque\u00f1os futbolistas alvearenses, que ya se preparan para vivir una nueva aventura vistiendo con orgullo los colores del <strong>Andes F\u00fatbol Club<\/strong>.<\/p>\n","protected":false},"excerpt":{"rendered":"<p>El f\u00fatbol infantil del Andes F.C. atraviesa un gran momento. En di\u00e1logo con FM Vi\u00f1as, el coordinador del \u00e1rea, C\u00e9sar Araya, &#8230;<\/p>\n","protected":false},"author":7,"featured_media":154531,"comment_status":"open","ping_status":"open","sticky":false,"template":"","format":"standard","meta":{"footnotes":""},"categories":[3,10],"tags":[],"class_list":["post-154530","post","type-post","status-publish","format-standard","has-post-thumbnail","hentry","category-deportes","category-destacadas"],"_links":{"self":[{"href":"https:\/\/vinasfm.com\/noticias\/wp-json\/wp\/v2\/posts\/154530","targetHints":{"allow":["GET"]}}],"collection":[{"href":"https:\/\/vinasfm.com\/noticias\/wp-json\/wp\/v2\/posts"}],"about":[{"href":"https:\/\/vinasfm.com\/noticias\/wp-json\/wp\/v2\/types\/post"}],"author":[{"embeddable":true,"href":"https:\/\/vinasfm.com\/noticias\/wp-json\/wp\/v2\/users\/7"}],"replies":[{"embeddable":true,"href":"https:\/\/vinasfm.com\/noticias\/wp-json\/wp\/v2\/comments?post=154530"}],"version-history":[{"count":1,"href":"https:\/\/vinasfm.com\/noticias\/wp-json\/wp\/v2\/posts\/154530\/revisions"}],"predecessor-version":[{"id":154532,"href":"https:\/\/vinasfm.com\/noticias\/wp-json\/wp\/v2\/posts\/154530\/revisions\/154532"}],"wp:featuredmedia":[{"embeddable":true,"href":"https:\/\/vinasfm.com\/noticias\/wp-json\/wp\/v2\/media\/154531"}],"wp:attachment":[{"href":"https:\/\/vinasfm.com\/noticias\/wp-json\/wp\/v2\/media?parent=154530"}],"wp:term":[{"taxonomy":"category","embeddable":true,"href":"https:\/\/vinasfm.com\/noticias\/wp-json\/wp\/v2\/categories?post=154530"},{"taxonomy":"post_tag","embeddable":true,"href":"https:\/\/vinasfm.com\/noticias\/wp-json\/wp\/v2\/tags?post=154530"}],"curies":[{"name":"wp","href":"https:\/\/api.w.org\/{rel}","templated":true}]}}