{"id":154499,"date":"2025-11-03T08:37:11","date_gmt":"2025-11-03T11:37:11","guid":{"rendered":"https:\/\/vinasfm.com\/noticias\/?p=154499"},"modified":"2025-11-03T08:45:47","modified_gmt":"2025-11-03T11:45:47","slug":"154499-2","status":"publish","type":"post","link":"https:\/\/vinasfm.com\/noticias\/154499-2\/","title":{"rendered":"EL GOBERNADOR CORNEJO PARTICIP\u00d3 EN LA APERTURA DE LA CONFERENCIA ANUAL DE LAS GRANDES CAPITALES DEL VINO EN BURDEOS"},"content":{"rendered":"<h4><span style=\"color: #003300;\"><strong>El encuentro internacional re\u00fane a representantes de las principales regiones vitivin\u00edcolas del mundo para fortalecer los lazos de cooperaci\u00f3n y proyectar el futuro del enoturismo global.<\/strong><\/span><\/h4>\n<p>El <span style=\"color: #003366;\"><strong>Gobernador Alfredo Cornejo<\/strong><\/span> particip\u00f3 en la ceremonia de apertura de la\u00a0<em>Great Wine Capitals Annual Conference<\/em>, que dio inicio oficialmente a una nueva edici\u00f3n de este destacado encuentro internacional. La conferencia marca el comienzo de <strong>una semana de trabajo dedicada al intercambio de experiencias, la colaboraci\u00f3n institucional y la promoci\u00f3n conjunta<\/strong> de las regiones vitivin\u00edcolas que integran la red global.<\/p>\n<p>La participaci\u00f3n del Gobernador Cornejo forma parte de la misi\u00f3n oficial que el Gobierno de Mendoza desarrolla en Francia con el prop\u00f3sito de consolidar la proyecci\u00f3n internacional de la provincia como una de las principales capitales mundiales del vino y destino enotur\u00edstico de referencia.<\/p>\n<p>Durante la ceremonia, el mandatario puso en valor que<strong><em> \u201cMendoza forma parte de esta red internacional junto a las principales regiones vitivin\u00edcolas del mundo\u201d<\/em><\/strong>, y anunci\u00f3 que este domingo <em><strong>\u201cfirmamos la renovaci\u00f3n y continuidad despu\u00e9s de 20 a\u00f1os de trabajo conjunto\u00bb.<\/strong><\/em><\/p>\n<p><em><strong>\u201cSer parte de las\u00a0Great Wine Capitals\u00a0nos da proyecci\u00f3n global\u201d<\/strong><\/em>, afirm\u00f3 Cornejo, y explic\u00f3 que esta acci\u00f3n permite a la provincia <em><strong>\u201cmostrar al mundo no solo nuestra principal actividad econ\u00f3mica, sino tambi\u00e9n el enorme potencial de nuestro enoturismo y de todo el ecosistema que rodea al vino mendocino\u201d.<\/strong><\/em><\/p>\n<p><a href=\"https:\/\/vinasfm.com\/noticias\/wp-content\/uploads\/2025\/11\/20.22.11-2.jpeg\"><img loading=\"lazy\" decoding=\"async\" class=\"alignnone wp-image-154500\" src=\"https:\/\/vinasfm.com\/noticias\/wp-content\/uploads\/2025\/11\/20.22.11-2-1024x576.jpeg\" alt=\"\" width=\"365\" height=\"205\" srcset=\"https:\/\/vinasfm.com\/noticias\/wp-content\/uploads\/2025\/11\/20.22.11-2-1024x576.jpeg 1024w, https:\/\/vinasfm.com\/noticias\/wp-content\/uploads\/2025\/11\/20.22.11-2-300x169.jpeg 300w, https:\/\/vinasfm.com\/noticias\/wp-content\/uploads\/2025\/11\/20.22.11-2-768x432.jpeg 768w, https:\/\/vinasfm.com\/noticias\/wp-content\/uploads\/2025\/11\/20.22.11-2-750x420.jpeg 750w, https:\/\/vinasfm.com\/noticias\/wp-content\/uploads\/2025\/11\/20.22.11-2-1140x641.jpeg 1140w, https:\/\/vinasfm.com\/noticias\/wp-content\/uploads\/2025\/11\/20.22.11-2.jpeg 1280w\" sizes=\"auto, (max-width: 365px) 100vw, 365px\" \/><\/a> <a href=\"https:\/\/vinasfm.com\/noticias\/wp-content\/uploads\/2025\/11\/20.22.12.jpeg\"><img loading=\"lazy\" decoding=\"async\" class=\"alignnone wp-image-154501\" src=\"https:\/\/vinasfm.com\/noticias\/wp-content\/uploads\/2025\/11\/20.22.12-1024x576.jpeg\" alt=\"\" width=\"365\" height=\"205\" srcset=\"https:\/\/vinasfm.com\/noticias\/wp-content\/uploads\/2025\/11\/20.22.12-1024x576.jpeg 1024w, https:\/\/vinasfm.com\/noticias\/wp-content\/uploads\/2025\/11\/20.22.12-300x169.jpeg 300w, https:\/\/vinasfm.com\/noticias\/wp-content\/uploads\/2025\/11\/20.22.12-768x432.jpeg 768w, https:\/\/vinasfm.com\/noticias\/wp-content\/uploads\/2025\/11\/20.22.12-750x420.jpeg 750w, https:\/\/vinasfm.com\/noticias\/wp-content\/uploads\/2025\/11\/20.22.12-1140x641.jpeg 1140w, https:\/\/vinasfm.com\/noticias\/wp-content\/uploads\/2025\/11\/20.22.12.jpeg 1280w\" sizes=\"auto, (max-width: 365px) 100vw, 365px\" \/><\/a><\/p>\n<h2><strong>Sobre la edici\u00f3n 2025 de la\u00a0<em>Great Wine Capitals Annual Conference<\/em><\/strong><\/h2>\n<p>Cada a\u00f1o re\u00fane a representantes de las once ciudades miembro de la red \u2014entre ellas, Mendoza\u2014, junto con profesionales del vino, operadores tur\u00edsticos y referentes de la industria.<strong> El evento constituye un espacio estrat\u00e9gico para el fortalecimiento de los v\u00ednculos internacionales y el dise\u00f1o de pol\u00edticas conjuntas orientadas al desarrollo sostenible del enoturismo y la valorizaci\u00f3n del patrimonio vitivin\u00edcola.<\/strong><\/p>\n<p>La edici\u00f3n 2025 se desarrolla en Burdeos, ciudad fundadora de la red, bajo el lema\u00a0<em>G\u00e9nesis<\/em>, en alusi\u00f3n al retorno a los or\u00edgenes y a los valores que inspiran la cooperaci\u00f3n entre las capitales del vino. Este concepto central propone <strong>una reflexi\u00f3n sobre las ra\u00edces, las pr\u00e1cticas y la innovaci\u00f3n que guiar\u00e1n el futuro de las industrias del vino y el turismo en un contexto global de cambio y nuevos desaf\u00edos.<\/strong><\/p>\n<p><a href=\"https:\/\/vinasfm.com\/noticias\/wp-content\/uploads\/2025\/11\/20.22.58-1.jpeg\"><img loading=\"lazy\" decoding=\"async\" class=\"alignnone wp-image-154503\" src=\"https:\/\/vinasfm.com\/noticias\/wp-content\/uploads\/2025\/11\/20.22.58-1-1024x768.jpeg\" alt=\"\" width=\"500\" height=\"375\" srcset=\"https:\/\/vinasfm.com\/noticias\/wp-content\/uploads\/2025\/11\/20.22.58-1-1024x768.jpeg 1024w, https:\/\/vinasfm.com\/noticias\/wp-content\/uploads\/2025\/11\/20.22.58-1-300x225.jpeg 300w, https:\/\/vinasfm.com\/noticias\/wp-content\/uploads\/2025\/11\/20.22.58-1-768x576.jpeg 768w, https:\/\/vinasfm.com\/noticias\/wp-content\/uploads\/2025\/11\/20.22.58-1.jpeg 1280w\" sizes=\"auto, (max-width: 500px) 100vw, 500px\" \/><\/a><\/p>\n<p>Organizada por la C\u00e1mara de Comercio e Industria de Burdeos-Gironda, la conferencia ofrece una programaci\u00f3n que pone en relieve la riqueza y diversidad de la regi\u00f3n de Nueva Aquitania, incluyendo actividades en las prestigiosas denominaciones de origen de Burdeos y en los vi\u00f1edos hist\u00f3ricos de Cognac.<\/p>\n","protected":false},"excerpt":{"rendered":"<p>El encuentro internacional re\u00fane a representantes de las principales regiones vitivin\u00edcolas del mundo para fortalecer los lazos de cooperaci\u00f3n y proyectar &#8230;<\/p>\n","protected":false},"author":7,"featured_media":154502,"comment_status":"open","ping_status":"open","sticky":false,"template":"","format":"standard","meta":{"footnotes":""},"categories":[1],"tags":[],"class_list":["post-154499","post","type-post","status-publish","format-standard","has-post-thumbnail","hentry","category-fmvinas"],"_links":{"self":[{"href":"https:\/\/vinasfm.com\/noticias\/wp-json\/wp\/v2\/posts\/154499","targetHints":{"allow":["GET"]}}],"collection":[{"href":"https:\/\/vinasfm.com\/noticias\/wp-json\/wp\/v2\/posts"}],"about":[{"href":"https:\/\/vinasfm.com\/noticias\/wp-json\/wp\/v2\/types\/post"}],"author":[{"embeddable":true,"href":"https:\/\/vinasfm.com\/noticias\/wp-json\/wp\/v2\/users\/7"}],"replies":[{"embeddable":true,"href":"https:\/\/vinasfm.com\/noticias\/wp-json\/wp\/v2\/comments?post=154499"}],"version-history":[{"count":3,"href":"https:\/\/vinasfm.com\/noticias\/wp-json\/wp\/v2\/posts\/154499\/revisions"}],"predecessor-version":[{"id":154509,"href":"https:\/\/vinasfm.com\/noticias\/wp-json\/wp\/v2\/posts\/154499\/revisions\/154509"}],"wp:featuredmedia":[{"embeddable":true,"href":"https:\/\/vinasfm.com\/noticias\/wp-json\/wp\/v2\/media\/154502"}],"wp:attachment":[{"href":"https:\/\/vinasfm.com\/noticias\/wp-json\/wp\/v2\/media?parent=154499"}],"wp:term":[{"taxonomy":"category","embeddable":true,"href":"https:\/\/vinasfm.com\/noticias\/wp-json\/wp\/v2\/categories?post=154499"},{"taxonomy":"post_tag","embeddable":true,"href":"https:\/\/vinasfm.com\/noticias\/wp-json\/wp\/v2\/tags?post=154499"}],"curies":[{"name":"wp","href":"https:\/\/api.w.org\/{rel}","templated":true}]}}