{"id":154496,"date":"2025-11-03T08:22:45","date_gmt":"2025-11-03T11:22:45","guid":{"rendered":"https:\/\/vinasfm.com\/noticias\/?p=154496"},"modified":"2025-11-03T11:03:39","modified_gmt":"2025-11-03T14:03:39","slug":"educacion-especial-en-noviembre-comienzan-las-inscripciones-para-el-ciclo-lectivo-2026","status":"publish","type":"post","link":"https:\/\/vinasfm.com\/noticias\/educacion-especial-en-noviembre-comienzan-las-inscripciones-para-el-ciclo-lectivo-2026\/","title":{"rendered":"EDUCACI\u00d3N ESPECIAL: EN NOVIEMBRE COMIENZAN LAS INSCRIPCIONES PARA EL CICLO LECTIVO 2026"},"content":{"rendered":"<h4><span style=\"color: #003300;\"><strong>Con el fin de garantizar el derecho a la educaci\u00f3n, la Direcci\u00f3n General de Escuelas informa los procedimientos y cronogramas para inscribir a los estudiantes en el nivel primario y en educaci\u00f3n Integral.<\/strong><\/span><\/h4>\n<p>La <strong>Direcci\u00f3n General de Escuelas<\/strong> <em>(DGE)<\/em> pone a disposici\u00f3n las pautas y procedimientos para la inscripci\u00f3n de estudiantes en las escuelas de nivel primario de Educaci\u00f3n Especial y las de Educaci\u00f3n Integral para el ciclo lectivo 2026.<\/p>\n<p>Mediante el\u00a0<a href=\"https:\/\/mza-dicaws-portal-uploads-media-prod.s3.amazonaws.com\/prensa\/uploads\/2025\/10\/ME-2025-08283597-GDEMZA-SUBEDUCACIONDGE.pdf\">Memor\u00e1ndum 2025-265-GDEMZA<\/a>, qued\u00f3 establecido que aquellas familias que deseen inscribirlos en escuelas de la modalidad deber\u00e1n presentar la siguiente documentaci\u00f3n:<\/p>\n<ul>\n<li>DNI original y copia.<\/li>\n<li>Partida de nacimiento.<\/li>\n<li>Certificado \u00danico de Discapacidad (CUD).<\/li>\n<li>DNI del progenitor o adulto responsable.<\/li>\n<\/ul>\n<p>Es importante tener en cuenta para la inscripci\u00f3n la<strong> cercan\u00eda de la instituci\u00f3n educativa con el domicilio de los estudiantes, que deber\u00e1 ser acreditado mediante el DNI, contrato de alquiler, certificado de domicilio laboral o facturas de servicio.<\/strong><\/p>\n<h2>Instancias de inscripci\u00f3n:<\/h2>\n<p>1- Nuevos postulantes a escuelas primarias modalidad Especial: se realiza de manera presencial en la instituci\u00f3n del 10 al 14 de noviembre, de 9 a 13.<\/p>\n<p>2- Nuevos postulantes para escuelas de Educaci\u00f3n Integral: se realiza de manera presencial del 10 al 14 de noviembre, en el horario que confirme cada escuela.<\/p>\n<p>3- Estudiantes que transitan su trayectoria escolar: en las escuelas de nivel primario de Educaci\u00f3n Especial, las inscripciones se realizan del 26 al 28 de noviembre actualizando la informaci\u00f3n de los estudiantes. En educaci\u00f3n Integral, las inscripciones son del 26 al 28 de noviembre, tambi\u00e9n para actualizar la documentaci\u00f3n de los estudiantes.<\/p>\n","protected":false},"excerpt":{"rendered":"<p>Con el fin de garantizar el derecho a la educaci\u00f3n, la Direcci\u00f3n General de Escuelas informa los procedimientos y cronogramas para &#8230;<\/p>\n","protected":false},"author":7,"featured_media":154497,"comment_status":"open","ping_status":"open","sticky":false,"template":"","format":"standard","meta":{"footnotes":""},"categories":[5,18],"tags":[],"class_list":["post-154496","post","type-post","status-publish","format-standard","has-post-thumbnail","hentry","category-actualidad","category-educacion"],"_links":{"self":[{"href":"https:\/\/vinasfm.com\/noticias\/wp-json\/wp\/v2\/posts\/154496","targetHints":{"allow":["GET"]}}],"collection":[{"href":"https:\/\/vinasfm.com\/noticias\/wp-json\/wp\/v2\/posts"}],"about":[{"href":"https:\/\/vinasfm.com\/noticias\/wp-json\/wp\/v2\/types\/post"}],"author":[{"embeddable":true,"href":"https:\/\/vinasfm.com\/noticias\/wp-json\/wp\/v2\/users\/7"}],"replies":[{"embeddable":true,"href":"https:\/\/vinasfm.com\/noticias\/wp-json\/wp\/v2\/comments?post=154496"}],"version-history":[{"count":1,"href":"https:\/\/vinasfm.com\/noticias\/wp-json\/wp\/v2\/posts\/154496\/revisions"}],"predecessor-version":[{"id":154498,"href":"https:\/\/vinasfm.com\/noticias\/wp-json\/wp\/v2\/posts\/154496\/revisions\/154498"}],"wp:featuredmedia":[{"embeddable":true,"href":"https:\/\/vinasfm.com\/noticias\/wp-json\/wp\/v2\/media\/154497"}],"wp:attachment":[{"href":"https:\/\/vinasfm.com\/noticias\/wp-json\/wp\/v2\/media?parent=154496"}],"wp:term":[{"taxonomy":"category","embeddable":true,"href":"https:\/\/vinasfm.com\/noticias\/wp-json\/wp\/v2\/categories?post=154496"},{"taxonomy":"post_tag","embeddable":true,"href":"https:\/\/vinasfm.com\/noticias\/wp-json\/wp\/v2\/tags?post=154496"}],"curies":[{"name":"wp","href":"https:\/\/api.w.org\/{rel}","templated":true}]}}