{"id":154490,"date":"2025-11-01T11:58:47","date_gmt":"2025-11-01T14:58:47","guid":{"rendered":"https:\/\/vinasfm.com\/noticias\/?p=154490"},"modified":"2025-11-03T10:27:13","modified_gmt":"2025-11-03T13:27:13","slug":"delincuentes-sustrajeron-una-moto-del-garaje-de-una-vivienda","status":"publish","type":"post","link":"https:\/\/vinasfm.com\/noticias\/delincuentes-sustrajeron-una-moto-del-garaje-de-una-vivienda\/","title":{"rendered":"DELINCUENTES SUSTRAJERON UNA MOTO DEL GARAJE DE UNA VIVIENDA"},"content":{"rendered":"<h4><span style=\"color: #003300;\"><strong>Una joven de 28 a\u00f1os fue v\u00edctima de un robo durante la noche de este viernes, cuando delincuentes ingresaron al garaje de su vivienda y sustrajeron su motocicleta.<\/strong><\/span><\/h4>\n<p>El hecho ocurri\u00f3 alrededor de las 20 horas en una propiedad ubicada sobre pasaje Rodr\u00edguez, en General Alvear. <strong>Seg\u00fan la denuncia policial, la v\u00edctima, identificada como J.V., hab\u00eda dejado estacionada su motocicleta Brava Elektra 150 cc dentro del garaje.<\/strong><\/p>\n<p>Horas m\u00e1s tarde, <strong>al escuchar ruidos, sali\u00f3 y constat\u00f3 que personas desconocidas hab\u00edan forzado la puerta de reja \u2014que no contaba con medidas de seguridad\u2014 e ingresado al lugar para llevarse el rodado.<\/strong><\/p>\n<p>Intervino personal de la Comisar\u00eda 14\u00aa de General Alvear, y la causa fue judicializada con intervenci\u00f3n del ayudante fiscal, quien dispuso las medidas de rigor correspondientes.<\/p>\n","protected":false},"excerpt":{"rendered":"<p>Una joven de 28 a\u00f1os fue v\u00edctima de un robo durante la noche de este viernes, cuando delincuentes ingresaron al garaje &#8230;<\/p>\n","protected":false},"author":7,"featured_media":101629,"comment_status":"open","ping_status":"open","sticky":false,"template":"","format":"standard","meta":{"footnotes":""},"categories":[201,4],"tags":[],"class_list":["post-154490","post","type-post","status-publish","format-standard","has-post-thumbnail","hentry","category-inseguridad","category-policiales"],"_links":{"self":[{"href":"https:\/\/vinasfm.com\/noticias\/wp-json\/wp\/v2\/posts\/154490","targetHints":{"allow":["GET"]}}],"collection":[{"href":"https:\/\/vinasfm.com\/noticias\/wp-json\/wp\/v2\/posts"}],"about":[{"href":"https:\/\/vinasfm.com\/noticias\/wp-json\/wp\/v2\/types\/post"}],"author":[{"embeddable":true,"href":"https:\/\/vinasfm.com\/noticias\/wp-json\/wp\/v2\/users\/7"}],"replies":[{"embeddable":true,"href":"https:\/\/vinasfm.com\/noticias\/wp-json\/wp\/v2\/comments?post=154490"}],"version-history":[{"count":2,"href":"https:\/\/vinasfm.com\/noticias\/wp-json\/wp\/v2\/posts\/154490\/revisions"}],"predecessor-version":[{"id":154492,"href":"https:\/\/vinasfm.com\/noticias\/wp-json\/wp\/v2\/posts\/154490\/revisions\/154492"}],"wp:featuredmedia":[{"embeddable":true,"href":"https:\/\/vinasfm.com\/noticias\/wp-json\/wp\/v2\/media\/101629"}],"wp:attachment":[{"href":"https:\/\/vinasfm.com\/noticias\/wp-json\/wp\/v2\/media?parent=154490"}],"wp:term":[{"taxonomy":"category","embeddable":true,"href":"https:\/\/vinasfm.com\/noticias\/wp-json\/wp\/v2\/categories?post=154490"},{"taxonomy":"post_tag","embeddable":true,"href":"https:\/\/vinasfm.com\/noticias\/wp-json\/wp\/v2\/tags?post=154490"}],"curies":[{"name":"wp","href":"https:\/\/api.w.org\/{rel}","templated":true}]}}