{"id":154440,"date":"2025-10-30T16:14:34","date_gmt":"2025-10-30T19:14:34","guid":{"rendered":"https:\/\/vinasfm.com\/noticias\/?p=154440"},"modified":"2025-10-31T09:23:54","modified_gmt":"2025-10-31T12:23:54","slug":"aeromodelismo-alvear-vivira-un-nuevo-encuentro-internacional-de-replicas-rc","status":"publish","type":"post","link":"https:\/\/vinasfm.com\/noticias\/aeromodelismo-alvear-vivira-un-nuevo-encuentro-internacional-de-replicas-rc\/","title":{"rendered":"AEROMODELISMO: ALVEAR VIVIR\u00c1 UN NUEVO ENCUENTRO INTERNACIONAL DE R\u00c9PLICAS RC"},"content":{"rendered":"<h4><span style=\"color: #003300;\"><strong>El Aero Club General Alvear ser\u00e1 escenario, desde este viernes 31 de octubre hasta el domingo 2 de noviembre, del Encuentro Internacional de Aviones RC de Escala \u201cEl Nevado RC a Escala\u201d, una propuesta \u00fanica que reunir\u00e1 a apasionados del aeromodelismo de distintos puntos del pa\u00eds y del extranjero.<\/strong><\/span><\/h4>\n<p>En di\u00e1logo con <span style=\"color: #993366;\"><strong>FM VI\u00d1AS<\/strong><\/span>, <strong><span style=\"color: #003366;\">Blas Ocampo<\/span> <\/strong>y<span style=\"color: #003366;\"><strong> Marcos Bujald\u00f3n<\/strong><\/span>, integrantes de la <strong>Agrupaci\u00f3n El Nevado RC<\/strong>, anticiparon detalles del evento que promete tres d\u00edas de actividad aeron\u00e1utica a pleno.<br \/>\n<em><strong>\u201cComenzamos este viernes a las 10 de la ma\u00f1ana, y vamos a estar viernes, s\u00e1bado y domingo mientras el sol nos acompa\u00f1e. No es una competencia, sino una exhibici\u00f3n de aviones r\u00e9plica: se podr\u00e1n ver modelos a escala de aeronaves reales, desde jets y aviones de la Segunda Guerra Mundial hasta los primeros aviones de la historia\u201d<\/strong><\/em>, explicaron.<\/p>\n<p>El encuentro contar\u00e1 con <strong>shows especiales, demostraciones de combate a\u00e9reo<\/strong> y la presencia de <strong>delegaciones de Chile, Uruguay y distintas provincias argentinas<\/strong>, como Buenos Aires, C\u00f3rdoba y San Luis.<\/p>\n<p><img loading=\"lazy\" decoding=\"async\" class=\"aligncenter\" src=\"https:\/\/scontent.fmdz10-1.fna.fbcdn.net\/v\/t39.30808-6\/572777222_1362614688983047_1418382363530401137_n.jpg?_nc_cat=104&amp;ccb=1-7&amp;_nc_sid=833d8c&amp;_nc_eui2=AeHMoD4marexZTkQDp41MuWVud5ZfxbPJg-53ll_Fs8mDzwJmgvTUor8dlLU_ZmTxImOdatkGN9gRc7RxvZ9Aiiw&amp;_nc_ohc=vOrz0mnWDHUQ7kNvwE_Qla_&amp;_nc_oc=AdmvYt_ixRTh3u7jdRBEz_ISkIEwHdv_mrW3ugFpoqJWh7mkXbfrMKAfhKCyVkp2BJM&amp;_nc_zt=23&amp;_nc_ht=scontent.fmdz10-1.fna&amp;_nc_gid=6iOdCAx7MDrQuL_x14gFiQ&amp;oh=00_AffW82wXPXeWA3vmiJ_nimEOV-VYz2YEeufxVnuPbiCBEA&amp;oe=690A82A1\" alt=\"Puede ser una imagen de helic\u00f3ptero y texto que dice &quot;NAVY 610 HSC.9 HSC-9 a 9.&quot;\" width=\"638\" height=\"425\" \/><\/p>\n<p>Adem\u00e1s, el evento es <strong>con entrada libre y gratuita<\/strong>, e invita al p\u00fablico a disfrutar en familia: <strong><em>\u201cLes recomendamos que se lleven su sillita, busquen una sombra y vayan al club a pasar un lindo d\u00eda. Habr\u00e1 cantina, tribunas y un ambiente pensado para todos\u201d<\/em><\/strong>, destacaron.<\/p>\n<p>Por su parte, <strong>Lucho Becerra<\/strong>, tambi\u00e9n miembro de la agrupaci\u00f3n, record\u00f3 que se trata del <strong>tercer festival de esta magnitud<\/strong> que se organiza en el departamento. <em><strong>\u201cHemos trabajado mucho para mejorar las instalaciones del predio, donde ya contamos con una infraestructura pensada para recibir a los visitantes y a los pilotos\u201d<\/strong><\/em>, coment\u00f3.<\/p>\n<p>Becerra resalt\u00f3 que en esta edici\u00f3n se ver\u00e1n <strong>aviones de gran envergadura<\/strong>, con alas de hasta cinco metros y motores de m\u00e1s de 200 cent\u00edmetros c\u00fabicos. <em><strong>\u201cSon verdaderas joyas del aeromodelismo, r\u00e9plicas exactas de aviones reales, construidas con materiales de \u00faltima tecnolog\u00eda. Verlos volar es un espect\u00e1culo impresionante\u201d<\/strong><\/em>, afirm\u00f3.<\/p>\n<p><img loading=\"lazy\" decoding=\"async\" class=\"\" src=\"https:\/\/scontent.fmdz10-1.fna.fbcdn.net\/v\/t39.30808-6\/571173244_1362614888983027_8313833775926107075_n.jpg?_nc_cat=107&amp;ccb=1-7&amp;_nc_sid=833d8c&amp;_nc_eui2=AeFGVh8Z-FZ7wC6GxY0gqw87apSM7bmM059qlIztuYzTnynzOaBP5rR-tj52HubBC_Cg_2PegP94PhW61yrg1WHg&amp;_nc_ohc=NC7h6Tp43msQ7kNvwFqwF-V&amp;_nc_oc=AdliYvHu95klr9c89s8VIahwe0vRTZNWPyiNtBzZ28jSeFEJmf-7MFK0Uh4xTfboX-M&amp;_nc_zt=23&amp;_nc_ht=scontent.fmdz10-1.fna&amp;_nc_gid=9eZngCQgMbd5S2VOATCtSg&amp;oh=00_AfcqOzdkFaOnSk7vzwC8b9XWgQ6ZYUL2DgNPN-AOGwRo3A&amp;oe=690A7B04\" alt=\"Puede ser una imagen de helic\u00f3ptero y texto\" width=\"326\" height=\"244\" \/> <img loading=\"lazy\" decoding=\"async\" class=\"\" src=\"https:\/\/scontent.fmdz10-1.fna.fbcdn.net\/v\/t39.30808-6\/571729433_1362614922316357_114843826808427812_n.jpg?_nc_cat=108&amp;ccb=1-7&amp;_nc_sid=833d8c&amp;_nc_eui2=AeHLOrSypESeMG48DqAg50qhzMJuw1na3enMwm7DWdrd6cVfNmchrHHPuYK6nrTt8g1U2_ThQRKZ2EChkDCMDG0r&amp;_nc_ohc=7bEUeFW9ZBIQ7kNvwGIUf0c&amp;_nc_oc=AdkfH0whYD9wZrOGnSFapQFCjmreYQDGUd07yQldhvp445GotwVP0GHvyrJRblCRm2U&amp;_nc_zt=23&amp;_nc_ht=scontent.fmdz10-1.fna&amp;_nc_gid=j4QP_lD5IdEvO5rhDUT8wA&amp;oh=00_AffXuUF_QvC7YvCQbmdOCfvhVdf-_l4g2t71QRxUo2tpUg&amp;oe=690A7F4A\" alt=\"Puede ser una imagen de maderera\" width=\"365\" height=\"243\" \/><\/p>\n<p>Finalmente, los organizadores agradecieron el apoyo de <strong>la Municipalidad de General Alvear<\/strong>, distintas direcciones municipales, empresas locales y colaboradores que hicieron posible el evento.<br \/>\n<em><strong>\u201cTenemos el campo de vuelo en inmejorables condiciones. Solo esperamos que el clima acompa\u00f1e para vivir una verdadera fiesta aeron\u00e1utica\u201d<\/strong><\/em>, concluyeron.<\/p>\n","protected":false},"excerpt":{"rendered":"<p>El Aero Club General Alvear ser\u00e1 escenario, desde este viernes 31 de octubre hasta el domingo 2 de noviembre, del Encuentro &#8230;<\/p>\n","protected":false},"author":7,"featured_media":154442,"comment_status":"open","ping_status":"open","sticky":false,"template":"","format":"standard","meta":{"footnotes":""},"categories":[1],"tags":[],"class_list":["post-154440","post","type-post","status-publish","format-standard","has-post-thumbnail","hentry","category-fmvinas"],"_links":{"self":[{"href":"https:\/\/vinasfm.com\/noticias\/wp-json\/wp\/v2\/posts\/154440","targetHints":{"allow":["GET"]}}],"collection":[{"href":"https:\/\/vinasfm.com\/noticias\/wp-json\/wp\/v2\/posts"}],"about":[{"href":"https:\/\/vinasfm.com\/noticias\/wp-json\/wp\/v2\/types\/post"}],"author":[{"embeddable":true,"href":"https:\/\/vinasfm.com\/noticias\/wp-json\/wp\/v2\/users\/7"}],"replies":[{"embeddable":true,"href":"https:\/\/vinasfm.com\/noticias\/wp-json\/wp\/v2\/comments?post=154440"}],"version-history":[{"count":5,"href":"https:\/\/vinasfm.com\/noticias\/wp-json\/wp\/v2\/posts\/154440\/revisions"}],"predecessor-version":[{"id":154446,"href":"https:\/\/vinasfm.com\/noticias\/wp-json\/wp\/v2\/posts\/154440\/revisions\/154446"}],"wp:featuredmedia":[{"embeddable":true,"href":"https:\/\/vinasfm.com\/noticias\/wp-json\/wp\/v2\/media\/154442"}],"wp:attachment":[{"href":"https:\/\/vinasfm.com\/noticias\/wp-json\/wp\/v2\/media?parent=154440"}],"wp:term":[{"taxonomy":"category","embeddable":true,"href":"https:\/\/vinasfm.com\/noticias\/wp-json\/wp\/v2\/categories?post=154440"},{"taxonomy":"post_tag","embeddable":true,"href":"https:\/\/vinasfm.com\/noticias\/wp-json\/wp\/v2\/tags?post=154440"}],"curies":[{"name":"wp","href":"https:\/\/api.w.org\/{rel}","templated":true}]}}