{"id":154410,"date":"2025-10-30T10:54:27","date_gmt":"2025-10-30T13:54:27","guid":{"rendered":"https:\/\/vinasfm.com\/noticias\/?p=154410"},"modified":"2025-10-31T09:57:24","modified_gmt":"2025-10-31T12:57:24","slug":"desde-el-3-de-noviembre-habra-nuevo-cronograma-para-la-recoleccion-de-residuos-tipo-a","status":"publish","type":"post","link":"https:\/\/vinasfm.com\/noticias\/desde-el-3-de-noviembre-habra-nuevo-cronograma-para-la-recoleccion-de-residuos-tipo-a\/","title":{"rendered":"DESDE EL 3 DE NOVIEMBRE HABR\u00c1 NUEVO CRONOGRAMA PARA LA RECOLECCI\u00d3N DE RESIDUOS TIPO A"},"content":{"rendered":"<p><strong><span style=\"color: #003300;\">La Direcci\u00f3n de Servicios P\u00fablicos informa a la comunidad que, a partir del d\u00eda 3 de noviembre, la recolecci\u00f3n de residuos Tipo A (residuos domiciliarios) se llevar\u00e1 a cabo los d\u00edas lunes, mi\u00e9rcoles y viernes.<\/span><\/strong><\/p>\n<p>Esta medida tiene como finalidad optimizar los recursos disponibles, mejorar la eficiencia del servicio y promover el cuidado del ambiente, en el marco de las pol\u00edticas p\u00fablicas de gesti\u00f3n sostenible que impulsa la Municipalidad de General Alvear.<\/p>\n<p>Se solicita a los vecinos respetar los d\u00edas y horarios establecidos, colocando los residuos en bolsas adecuadas, dentro de canastos visibles y protegidos de los animales, a fin de garantizar un servicio m\u00e1s ordenado y eficiente.<\/p>\n<p>La colaboraci\u00f3n de toda la comunidad resulta fundamental para mantener un entorno limpio, saludable y sustentable. Gracias por su colaboraci\u00f3n.<\/p>\n","protected":false},"excerpt":{"rendered":"<p>La Direcci\u00f3n de Servicios P\u00fablicos informa a la comunidad que, a partir del d\u00eda 3 de noviembre, la recolecci\u00f3n de residuos &#8230;<\/p>\n","protected":false},"author":7,"featured_media":128288,"comment_status":"open","ping_status":"open","sticky":false,"template":"","format":"standard","meta":{"footnotes":""},"categories":[78,68],"tags":[],"class_list":["post-154410","post","type-post","status-publish","format-standard","has-post-thumbnail","hentry","category-municipalidad","category-servicios"],"_links":{"self":[{"href":"https:\/\/vinasfm.com\/noticias\/wp-json\/wp\/v2\/posts\/154410","targetHints":{"allow":["GET"]}}],"collection":[{"href":"https:\/\/vinasfm.com\/noticias\/wp-json\/wp\/v2\/posts"}],"about":[{"href":"https:\/\/vinasfm.com\/noticias\/wp-json\/wp\/v2\/types\/post"}],"author":[{"embeddable":true,"href":"https:\/\/vinasfm.com\/noticias\/wp-json\/wp\/v2\/users\/7"}],"replies":[{"embeddable":true,"href":"https:\/\/vinasfm.com\/noticias\/wp-json\/wp\/v2\/comments?post=154410"}],"version-history":[{"count":2,"href":"https:\/\/vinasfm.com\/noticias\/wp-json\/wp\/v2\/posts\/154410\/revisions"}],"predecessor-version":[{"id":154412,"href":"https:\/\/vinasfm.com\/noticias\/wp-json\/wp\/v2\/posts\/154410\/revisions\/154412"}],"wp:featuredmedia":[{"embeddable":true,"href":"https:\/\/vinasfm.com\/noticias\/wp-json\/wp\/v2\/media\/128288"}],"wp:attachment":[{"href":"https:\/\/vinasfm.com\/noticias\/wp-json\/wp\/v2\/media?parent=154410"}],"wp:term":[{"taxonomy":"category","embeddable":true,"href":"https:\/\/vinasfm.com\/noticias\/wp-json\/wp\/v2\/categories?post=154410"},{"taxonomy":"post_tag","embeddable":true,"href":"https:\/\/vinasfm.com\/noticias\/wp-json\/wp\/v2\/tags?post=154410"}],"curies":[{"name":"wp","href":"https:\/\/api.w.org\/{rel}","templated":true}]}}