{"id":154406,"date":"2025-10-30T10:27:50","date_gmt":"2025-10-30T13:27:50","guid":{"rendered":"https:\/\/vinasfm.com\/noticias\/?p=154406"},"modified":"2025-10-31T09:57:45","modified_gmt":"2025-10-31T12:57:45","slug":"la-suprema-corte-freno-la-aplicacion-de-la-reforma-del-codigo-procesal-penal-en-el-sur","status":"publish","type":"post","link":"https:\/\/vinasfm.com\/noticias\/la-suprema-corte-freno-la-aplicacion-de-la-reforma-del-codigo-procesal-penal-en-el-sur\/","title":{"rendered":"LA SUPREMA CORTE FREN\u00d3 LA APLICACI\u00d3N DE LA REFORMA DEL C\u00d3DIGO PROCESAL PENAL EN EL SUR"},"content":{"rendered":"<h4><span style=\"color: #003300;\"><strong>El m\u00e1ximo tribunal emiti\u00f3 una Acordada para ordenar la aplicaci\u00f3n de la nueva Ley 9.666, manteniendo a los Juzgados de Tunuy\u00e1n, Alvear y Malarg\u00fce a cargo de los debates correccionales por tiempo indefinido.<\/strong><\/span><\/h4>\n<p>La Suprema Corte de Justicia de Mendoza tom\u00f3 cartas en el asunto ante la entrada en vigencia de la\u00a0<strong>Ley 9.666<\/strong>, que modific\u00f3 el C\u00f3digo Procesal Penal el pasado 17 de octubre, que dispon\u00eda la realizaci\u00f3n de audiencias penales en horario vespertino, entre otras medidas.\u00a0<strong>La disposici\u00f3n afecta a los tribunales del Valle de Uco, General Alvear y Malarg\u00fce<\/strong>, donde se aplicar\u00e1 m\u00e1s adelante, en tanto que<strong>\u00a0San Rafael est\u00e1 exceptuado, ya que absorbe el 80% de las causas del Sur provincial.<\/strong><\/p>\n<p>La nueva norma busca dividir la tarea de los jueces, asignando el debate correccional a los\u00a0<strong>Tribunales Penales Colegiados<\/strong>\u00a0(salas unipersonales) y limitando la intervenci\u00f3n de los\u00a0<strong>Juzgados Penales Colegiados<\/strong>\u00a0a la etapa previa (hasta la elevaci\u00f3n a juicio).<\/p>\n<p>Sin embargo, la Corte, en ejercicio de su poder de superintendencia, dict\u00f3 una Acordada para evitar graves perjuicios funcionales e institucionales, especialmente en el Sur de la provincia.<\/p>\n<p>La Acordada lleva la firma de casi todos los ministros, ya que Mario Adaro se encuentra de licencia.<\/p>\n<h2 id=\"h-excepcion-por-distancia-tunuyan-alvear-y-malargue\" class=\"wp-block-heading\">Excepci\u00f3n por distancia: Tunuy\u00e1n, Alvear y Malarg\u00fce<\/h2>\n<p>La decisi\u00f3n m\u00e1s significativa de la Corte es la suspensi\u00f3n transitoria de la aplicaci\u00f3n de esta nueva distribuci\u00f3n en tres jurisdicciones clave. A solicitud de la Federaci\u00f3n de Colegios de Abogados y por considerar situaciones an\u00e1logas:<\/p>\n<ul class=\"wp-block-list\">\n<li><strong>Juzgado Penal Colegiado de Tunuy\u00e1n<\/strong>\u00a0(Cuarta Circunscripci\u00f3n).<\/li>\n<li><strong>Juzgado Penal Colegiado de General Alvear<\/strong>\u00a0(Segunda Circunscripci\u00f3n).<\/li>\n<li><strong>Juzgado Penal Colegiado de Malarg\u00fce<\/strong>\u00a0(Segunda Circunscripci\u00f3n).<\/li>\n<\/ul>\n<p>En estas zonas, los\u00a0<strong>Jueces Penales Colegiados seguir\u00e1n realizando los debates correccionales<\/strong>\u00a0(juicios) en lugar de enviar las causas a los Tribunales Penales Colegiados (generalmente ubicados en la Primera Circunscripci\u00f3n, Gran Mendoza).<\/p>\n<aside class=\"scaip scaip-4    \"><\/aside>\n<h2 id=\"h-la-razon-de-la-suspension\" class=\"wp-block-heading\">La raz\u00f3n de la suspensi\u00f3n<\/h2>\n<p>La Corte consider\u00f3 que aplicar inmediatamente la Ley 9.666 en estas zonas, donde a\u00fan no existen Tribunales Penales Colegiados con radicaci\u00f3n local, obligar\u00eda a\u00a0<strong>v\u00edctimas, testigos, fiscales y defensores a trasladarse largas distancias<\/strong>, afectando gravemente el acceso a la justicia y generando altos costos. La medida se mantendr\u00e1 hasta que puedan realizarse los debates sin afectar derechos ni generar graves perjuicios.<\/p>\n<h2 id=\"h-reglas-de-transicion\" class=\"wp-block-heading\">Reglas de transici\u00f3n<\/h2>\n<p>La Acordada tambi\u00e9n estableci\u00f3 las pautas de distribuci\u00f3n del trabajo para el resto de la provincia, garantizando el principio de\u00a0<strong>\u201cJuez Natural\u201d<\/strong>\u00a0y la validez de los actos procesales ya cumplidos:<\/p>\n<figure class=\"wp-block-table\">\n<table class=\"has-fixed-layout\">\n<thead>\n<tr>\n<td>Situaci\u00f3n de la Causa (al 17\/10\/2025)<\/td>\n<td>Juez Competente<\/td>\n<\/tr>\n<\/thead>\n<tbody>\n<tr>\n<td><strong>Audiencia de Acusaci\u00f3n finalizada hasta el 16 de octubre.<\/strong>\u00a0(Causas con debate fijado o por fijar)<\/td>\n<td>El\u00a0<strong>Juez del Juzgado Penal Colegiado<\/strong>\u00a0que ya ten\u00eda a cargo la causa.<\/td>\n<\/tr>\n<tr>\n<td><strong>Audiencia de Acusaci\u00f3n finalizada a partir del 17 de octubre.<\/strong>\u00a0(El resultado sea debate correccional)<\/td>\n<td>Los\u00a0<strong>Tribunales Penales Colegiados<\/strong>\u00a0(OGAP sortear\u00e1 la sala unipersonal para el debate).<\/td>\n<\/tr>\n<\/tbody>\n<\/table>\n<\/figure>\n<h6>El Sol.<\/h6>\n","protected":false},"excerpt":{"rendered":"<p>El m\u00e1ximo tribunal emiti\u00f3 una Acordada para ordenar la aplicaci\u00f3n de la nueva Ley 9.666, manteniendo a los Juzgados de Tunuy\u00e1n, &#8230;<\/p>\n","protected":false},"author":7,"featured_media":135210,"comment_status":"open","ping_status":"open","sticky":false,"template":"","format":"standard","meta":{"footnotes":""},"categories":[10,22],"tags":[],"class_list":["post-154406","post","type-post","status-publish","format-standard","has-post-thumbnail","hentry","category-destacadas","category-justicia"],"_links":{"self":[{"href":"https:\/\/vinasfm.com\/noticias\/wp-json\/wp\/v2\/posts\/154406","targetHints":{"allow":["GET"]}}],"collection":[{"href":"https:\/\/vinasfm.com\/noticias\/wp-json\/wp\/v2\/posts"}],"about":[{"href":"https:\/\/vinasfm.com\/noticias\/wp-json\/wp\/v2\/types\/post"}],"author":[{"embeddable":true,"href":"https:\/\/vinasfm.com\/noticias\/wp-json\/wp\/v2\/users\/7"}],"replies":[{"embeddable":true,"href":"https:\/\/vinasfm.com\/noticias\/wp-json\/wp\/v2\/comments?post=154406"}],"version-history":[{"count":3,"href":"https:\/\/vinasfm.com\/noticias\/wp-json\/wp\/v2\/posts\/154406\/revisions"}],"predecessor-version":[{"id":154409,"href":"https:\/\/vinasfm.com\/noticias\/wp-json\/wp\/v2\/posts\/154406\/revisions\/154409"}],"wp:featuredmedia":[{"embeddable":true,"href":"https:\/\/vinasfm.com\/noticias\/wp-json\/wp\/v2\/media\/135210"}],"wp:attachment":[{"href":"https:\/\/vinasfm.com\/noticias\/wp-json\/wp\/v2\/media?parent=154406"}],"wp:term":[{"taxonomy":"category","embeddable":true,"href":"https:\/\/vinasfm.com\/noticias\/wp-json\/wp\/v2\/categories?post=154406"},{"taxonomy":"post_tag","embeddable":true,"href":"https:\/\/vinasfm.com\/noticias\/wp-json\/wp\/v2\/tags?post=154406"}],"curies":[{"name":"wp","href":"https:\/\/api.w.org\/{rel}","templated":true}]}}