{"id":154401,"date":"2025-10-30T10:01:50","date_gmt":"2025-10-30T13:01:50","guid":{"rendered":"https:\/\/vinasfm.com\/noticias\/?p=154401"},"modified":"2025-10-31T09:58:06","modified_gmt":"2025-10-31T12:58:06","slug":"cuando-es-el-proximo-feriado-en-noviembre-2025","status":"publish","type":"post","link":"https:\/\/vinasfm.com\/noticias\/cuando-es-el-proximo-feriado-en-noviembre-2025\/","title":{"rendered":"CU\u00c1NDO ES EL PR\u00d3XIMO FERIADO EN NOVIEMBRE 2025"},"content":{"rendered":"<h4><span style=\"color: #003300;\"><strong>El mes 11 trae el \u00faltimo fin de semana largo del a\u00f1o: ser\u00e1n cuatro d\u00edas seguidos de descanso, combinando un feriado trasladado y un puente tur\u00edstico, seg\u00fan el calendario oficial.<\/strong><\/span><\/h4>\n<p>En noviembre de 2025,\u00a0<b>Argentina<\/b>\u00a0se prepara para el \u00faltimo fin de semana largo del a\u00f1o, una oportunidad esperada para quienes buscan planificar escapadas, compartir actividades familiares o simplemente disfrutar de un per\u00edodo de descanso antes del cierre del calendario anual.<\/p>\n<p>De acuerdo con la<b>\u00a0p\u00e1gina oficial del Gobierno de Argentina (argentina.gob.ar)<\/b>, el cronograma nacional habilita\u00a0<b>cuatro d\u00edas consecutivos<\/b>\u00a0de descanso por la combinaci\u00f3n de un d\u00eda no laborable puente y el traslado de un\u00a0feriado nacional.<\/p>\n<p>La proximidad de esta fecha genera gran expectativa entre trabajadores y empleadores, ya que los fines de semana largos no solo impulsan el turismo interno y las reuniones personales, sino que tambi\u00e9n impactan en la organizaci\u00f3n de la actividad comercial, la agenda escolar y los servicios en general.<\/p>\n<p><img decoding=\"async\" src=\"https:\/\/www.infobae.com\/resizer\/v2\/7T27VBO3CBCDFLMFDVQ2FGGPBM.jpeg?auth=d0bce61fcd1a6c8ac17a35415e2816937ce33bfe9a4c1e4f754ce89dcbc26c41&amp;smart=true&amp;width=350&amp;height=227&amp;quality=85\" alt=\"El viernes 21 de noviembre\" \/><\/p>\n<div class=\"headline-wrapper\">\n<h2 class=\"header headline-class-h2\">Cu\u00e1ndo es el pr\u00f3ximo feriado<\/h2>\n<\/div>\n<p class=\"paragraph\" data-mrf-recirculation=\"Links inline\">Seg\u00fan la informaci\u00f3n oficial publicada en\u00a0<b>argentina.gob.ar<\/b>, el pr\u00f3ximo fin de semana largo ser\u00e1 en noviembre de 2025, formado por<b>\u00a0dos fechas principales en la agenda nacional.<\/b>\u00a0El\u00a0<b>viernes 21 de noviembre<\/b>\u00a0se presenta como un d\u00eda no laborable con fines tur\u00edsticos, conocido tambi\u00e9n como \u201cpuente\u201d, una iniciativa implementada para promover el descanso y fomentar el turismo.<\/p>\n<p data-mrf-recirculation=\"Links inline\">Luego, el\u00a0<b>lunes 24 de noviembre<\/b>\u00a0ha sido designado para trasladar la conmemoraci\u00f3n del\u00a0<i>D\u00eda de la Soberan\u00eda Nacional<\/i>, originalmente el jueves 20. As\u00ed, se configuran\u00a0<b>cuatro d\u00edas de descanso<\/b>:\u00a0<b>viernes 21, s\u00e1bado 22, domingo 23 y lunes 24, marcando el \u00faltimo fin de semana extendido de 2025.<\/b><\/p>\n<p class=\"paragraph\" data-mrf-recirculation=\"Links inline\">Este esquema fue confirmado por la\u00a0<b>p\u00e1gina oficial del Gobierno de Argentina<\/b>, que a\u00f1o tras a\u00f1o determina y publica oficialmente el calendario de feriados y d\u00edas no laborables para que empresas, sectores p\u00fablicos y ciudadanos puedan organizarse.<\/p>\n<div class=\"headline-wrapper\">\n<h2 class=\"header headline-class-h2\">\u00bfPor qu\u00e9 es feriado el 20 de noviembre?<\/h2>\n<\/div>\n<p class=\"paragraph\" data-mrf-recirculation=\"Links inline\">El motivo principal de este feriado es el\u00a0<b>D\u00eda de la Soberan\u00eda Nacional<\/b>, una fecha instaurada para recordar la batalla de la Vuelta de Obligado, ocurrida en 1845.<\/p>\n<p class=\"paragraph\" data-mrf-recirculation=\"Links inline\">En ese episodio hist\u00f3rico, fuerzas anglo-francesas intentaron avanzar sobre el territorio argentino, entonces bajo el gobierno de\u00a0<b>Juan Manuel de Rosas<\/b>. La firme defensa organizada por\u00a0<b>Lucio Mansilla<\/b>, con apoyo estrat\u00e9gico de\u00a0<b>Jos\u00e9 de San Mart\u00edn<\/b>, logr\u00f3 frenar la invasi\u00f3n a orillas del r\u00edo Paran\u00e1 despu\u00e9s de intensas horas de lucha.<\/p>\n<h6 data-mrf-recirculation=\"Links inline\">Infobae.<\/h6>\n","protected":false},"excerpt":{"rendered":"<p>El mes 11 trae el \u00faltimo fin de semana largo del a\u00f1o: ser\u00e1n cuatro d\u00edas seguidos de descanso, combinando un feriado &#8230;<\/p>\n","protected":false},"author":7,"featured_media":154402,"comment_status":"open","ping_status":"open","sticky":false,"template":"","format":"standard","meta":{"footnotes":""},"categories":[5,10],"tags":[],"class_list":["post-154401","post","type-post","status-publish","format-standard","has-post-thumbnail","hentry","category-actualidad","category-destacadas"],"_links":{"self":[{"href":"https:\/\/vinasfm.com\/noticias\/wp-json\/wp\/v2\/posts\/154401","targetHints":{"allow":["GET"]}}],"collection":[{"href":"https:\/\/vinasfm.com\/noticias\/wp-json\/wp\/v2\/posts"}],"about":[{"href":"https:\/\/vinasfm.com\/noticias\/wp-json\/wp\/v2\/types\/post"}],"author":[{"embeddable":true,"href":"https:\/\/vinasfm.com\/noticias\/wp-json\/wp\/v2\/users\/7"}],"replies":[{"embeddable":true,"href":"https:\/\/vinasfm.com\/noticias\/wp-json\/wp\/v2\/comments?post=154401"}],"version-history":[{"count":1,"href":"https:\/\/vinasfm.com\/noticias\/wp-json\/wp\/v2\/posts\/154401\/revisions"}],"predecessor-version":[{"id":154403,"href":"https:\/\/vinasfm.com\/noticias\/wp-json\/wp\/v2\/posts\/154401\/revisions\/154403"}],"wp:featuredmedia":[{"embeddable":true,"href":"https:\/\/vinasfm.com\/noticias\/wp-json\/wp\/v2\/media\/154402"}],"wp:attachment":[{"href":"https:\/\/vinasfm.com\/noticias\/wp-json\/wp\/v2\/media?parent=154401"}],"wp:term":[{"taxonomy":"category","embeddable":true,"href":"https:\/\/vinasfm.com\/noticias\/wp-json\/wp\/v2\/categories?post=154401"},{"taxonomy":"post_tag","embeddable":true,"href":"https:\/\/vinasfm.com\/noticias\/wp-json\/wp\/v2\/tags?post=154401"}],"curies":[{"name":"wp","href":"https:\/\/api.w.org\/{rel}","templated":true}]}}