{"id":154382,"date":"2025-10-30T08:23:28","date_gmt":"2025-10-30T11:23:28","guid":{"rendered":"https:\/\/vinasfm.com\/noticias\/?p=154382"},"modified":"2025-10-31T09:59:34","modified_gmt":"2025-10-31T12:59:34","slug":"ugacoop-presenta-el-13-desfile-de-diseno-de-indumentaria-mujeres-que-inspiran","status":"publish","type":"post","link":"https:\/\/vinasfm.com\/noticias\/ugacoop-presenta-el-13-desfile-de-diseno-de-indumentaria-mujeres-que-inspiran\/","title":{"rendered":"UGACOOP PRESENTA EL 13\u00b0 DESFILE DE DISE\u00d1O DE INDUMENTARIA: \u201cMUJERES QUE INSPIRAN\u201d"},"content":{"rendered":"<h4><span style=\"color: #003300;\"><strong>En di\u00e1logo con FM VI\u00d1AS, el rector de UGACOOP, Carlos Raimondi, y la coordinadora de la Tecnicatura Superior en Dise\u00f1o de Indumentaria, Textiles y Accesorios, Mariana Ojeda, adelantaron detalles del tradicional desfile anual de IDESA UGACOOP, que este a\u00f1o celebra su d\u00e9cima tercera edici\u00f3n.<\/strong><\/span><\/h4>\n<p>El evento se realizar\u00e1 el <strong>domingo 9 de noviembre a las 20:30<\/strong> en las <strong>nuevas instalaciones del Polo de Educaci\u00f3n Superior<\/strong>, ubicado en <strong>Silvio Tricherri y Ruta 188<\/strong>. La entrada tendr\u00e1 un valor de <strong>$7.000<\/strong>, y adem\u00e1s del desfile habr\u00e1 <strong>m\u00fasica en vivo, pintura en tiempo real y otras intervenciones art\u00edsticas<\/strong>.<\/p>\n<p><strong><em>\u201cEste desfile es parte del cierre acad\u00e9mico de la carrera. Las estudiantes trabajan durante todo el a\u00f1o en sus colecciones, que integran contenidos de distintas materias. Es una manera de evaluar, pero tambi\u00e9n de mostrar lo que han aprendido y comenzar a proyectarse como futuras profesionales\u201d<\/em><\/strong>, explic\u00f3 <span style=\"color: #003366;\"><strong>Ojeda<\/strong><\/span>.<\/p>\n<p><a href=\"https:\/\/vinasfm.com\/noticias\/wp-content\/uploads\/2025\/10\/FB_IMG_1761822642110.jpg\"><img loading=\"lazy\" decoding=\"async\" class=\"wp-image-154378 aligncenter\" src=\"https:\/\/vinasfm.com\/noticias\/wp-content\/uploads\/2025\/10\/FB_IMG_1761822642110.jpg\" alt=\"\" width=\"400\" height=\"533\" srcset=\"https:\/\/vinasfm.com\/noticias\/wp-content\/uploads\/2025\/10\/FB_IMG_1761822642110.jpg 1137w, https:\/\/vinasfm.com\/noticias\/wp-content\/uploads\/2025\/10\/FB_IMG_1761822642110-225x300.jpg 225w, https:\/\/vinasfm.com\/noticias\/wp-content\/uploads\/2025\/10\/FB_IMG_1761822642110-768x1024.jpg 768w\" sizes=\"auto, (max-width: 400px) 100vw, 400px\" \/><\/a><\/p>\n<p>El rector Raimondi destac\u00f3 la importancia institucional del evento: <em><strong>\u201cNos permite abrir la carrera y la instituci\u00f3n a la comunidad. Es una gran oportunidad para que la gente conozca nuestra oferta educativa y nuestras nuevas instalaciones. Adem\u00e1s, compartir el espacio con el IES Salvador Calafate nos llena de entusiasmo y abre nuevas posibilidades\u201d.<\/strong><\/em><\/p>\n<p>Este a\u00f1o, el desfile tendr\u00e1 como eje tem\u00e1tico <strong>\u201cMujeres que inspiran\u201d<\/strong>, una propuesta en la que cada estudiante dise\u00f1\u00f3 una prenda inspirada en figuras femeninas destacadas del deporte, el arte, la cultura y otros \u00e1mbitos.<\/p>\n<p><em><strong>\u201cHabr\u00e1 m\u00e1s de 80 dise\u00f1os en pasarela<\/strong>, todos creados por las alumnas de segundo a\u00f1o, con la colaboraci\u00f3n de las de primero y tercero\u201d<\/em>, adelant\u00f3 Ojeda.<\/p>\n<p>Finalmente, Raimondi record\u00f3 que <strong>ya est\u00e1n abiertas las preinscripciones<\/strong> para las carreras que ofrece UGACOOP: <strong>Dise\u00f1o de Indumentaria, Mecatr\u00f3nica y Biotecnolog\u00eda<\/strong>.<br \/>\nQuienes deseen obtener m\u00e1s informaci\u00f3n o inscribirse pueden acercarse al Polo de Educaci\u00f3n Superior, visitar la <strong>p\u00e1gina web de UGACOOP<\/strong> o comunicarse a trav\u00e9s de sus <strong>redes sociales<\/strong>.<\/p>\n","protected":false},"excerpt":{"rendered":"<p>En di\u00e1logo con FM VI\u00d1AS, el rector de UGACOOP, Carlos Raimondi, y la coordinadora de la Tecnicatura Superior en Dise\u00f1o de &#8230;<\/p>\n","protected":false},"author":7,"featured_media":154381,"comment_status":"open","ping_status":"open","sticky":false,"template":"","format":"standard","meta":{"footnotes":""},"categories":[10,196],"tags":[],"class_list":["post-154382","post","type-post","status-publish","format-standard","has-post-thumbnail","hentry","category-destacadas","category-ugacoop"],"_links":{"self":[{"href":"https:\/\/vinasfm.com\/noticias\/wp-json\/wp\/v2\/posts\/154382","targetHints":{"allow":["GET"]}}],"collection":[{"href":"https:\/\/vinasfm.com\/noticias\/wp-json\/wp\/v2\/posts"}],"about":[{"href":"https:\/\/vinasfm.com\/noticias\/wp-json\/wp\/v2\/types\/post"}],"author":[{"embeddable":true,"href":"https:\/\/vinasfm.com\/noticias\/wp-json\/wp\/v2\/users\/7"}],"replies":[{"embeddable":true,"href":"https:\/\/vinasfm.com\/noticias\/wp-json\/wp\/v2\/comments?post=154382"}],"version-history":[{"count":3,"href":"https:\/\/vinasfm.com\/noticias\/wp-json\/wp\/v2\/posts\/154382\/revisions"}],"predecessor-version":[{"id":154405,"href":"https:\/\/vinasfm.com\/noticias\/wp-json\/wp\/v2\/posts\/154382\/revisions\/154405"}],"wp:featuredmedia":[{"embeddable":true,"href":"https:\/\/vinasfm.com\/noticias\/wp-json\/wp\/v2\/media\/154381"}],"wp:attachment":[{"href":"https:\/\/vinasfm.com\/noticias\/wp-json\/wp\/v2\/media?parent=154382"}],"wp:term":[{"taxonomy":"category","embeddable":true,"href":"https:\/\/vinasfm.com\/noticias\/wp-json\/wp\/v2\/categories?post=154382"},{"taxonomy":"post_tag","embeddable":true,"href":"https:\/\/vinasfm.com\/noticias\/wp-json\/wp\/v2\/tags?post=154382"}],"curies":[{"name":"wp","href":"https:\/\/api.w.org\/{rel}","templated":true}]}}