{"id":154343,"date":"2025-10-29T08:56:49","date_gmt":"2025-10-29T11:56:49","guid":{"rendered":"https:\/\/vinasfm.com\/noticias\/?p=154343"},"modified":"2025-10-30T09:46:10","modified_gmt":"2025-10-30T12:46:10","slug":"por-unanimidad-san-rafael-confirmo-la-continuidad-de-la-lucha-antigranizo","status":"publish","type":"post","link":"https:\/\/vinasfm.com\/noticias\/por-unanimidad-san-rafael-confirmo-la-continuidad-de-la-lucha-antigranizo\/","title":{"rendered":"POR UNANIMIDAD, SAN RAFAEL CONFIRM\u00d3 LA CONTINUIDAD DE LA LUCHA ANTIGRANIZO"},"content":{"rendered":"<p><strong>San Rafael renueva su compromiso con la lucha antigranizo: apoyo un\u00e1nime en audiencia p\u00fablica<\/strong><\/p>\n<h4><span style=\"color: #003300;\"><strong>En una jornada considerada hist\u00f3rica para el sur mendocino, instituciones, productores y autoridades de San Rafael aprobaron por unanimidad la continuidad del programa de lucha antigranizo, una herramienta clave para mitigar los da\u00f1os provocados por las tormentas.<\/strong><\/span><\/h4>\n<p>La decisi\u00f3n se tom\u00f3 en una <strong>audiencia p\u00fablica vinculante<\/strong> desarrollada en el centro de convenciones del Hotel Tower, donde participaron <em>el intendente<\/em> <span style=\"color: #003366;\"><strong>Omar F\u00e9lix<\/strong><\/span>, el <em>presidente de la C\u00e1mara de Comercio<\/em> <span style=\"color: #003366;\"><strong>Gabriel Brega<\/strong><\/span>, el<em> diputado provincial<\/em> <span style=\"color: #003366;\"><strong>Germ\u00e1n G\u00f3mez<\/strong><\/span>, concejales y representantes de entidades sociales, religiosas y productivas del departamento.<\/p>\n<p>Durante el encuentro, se destac\u00f3 el consenso alcanzado entre los distintos sectores, que respaldaron la continuidad del sistema a\u00e9reo encargado de dispersar las nubes graniceras. Esta medida es considerada fundamental para proteger las actividades agr\u00edcolas de <strong>San Rafael<\/strong> y <strong>General Alvear<\/strong>, zonas que hist\u00f3ricamente padecen las consecuencias de las tormentas severas, el fr\u00edo y las heladas.<\/p>\n<p>El intendente <strong>Omar F\u00e9lix<\/strong> expres\u00f3 su satisfacci\u00f3n por el resultado de la votaci\u00f3n y reafirm\u00f3 su apoyo al sistema:<em><strong> \u201cQuienes vivimos en el sur mendocino sabemos que la lucha antigranizo funciona. Es un mecanismo que ha demostrado resultados y que debemos fortalecer junto al nuevo Consejo Departamental de Entidades Intermedias, que tambi\u00e9n trabajar\u00e1 en otros temas relevantes, como el proyecto de autonom\u00eda municipal\u201d.<\/strong><\/em><\/p>\n<h2>Financiamiento compartido y costo en la factura el\u00e9ctrica<\/h2>\n<p>Uno de los ejes centrales del encuentro fue el <strong>mecanismo de financiamiento<\/strong> del programa, luego de la controversia generada por la intenci\u00f3n del Gobierno provincial de discontinuarlo.<\/p>\n<p>Seg\u00fan lo acordado, los municipios de <strong>San Rafael<\/strong> y <strong>General Alvear<\/strong> aportar\u00e1n cerca de <strong>900 millones de pesos<\/strong> para sostener el sistema, mientras que la Provincia se encargar\u00e1 de proveer las <strong>bengalas y los aviones<\/strong> necesarios para las operaciones.<\/p>\n<p>El costo ser\u00e1 recuperado mediante un <strong>recargo del 3% en la factura el\u00e9ctrica<\/strong>, aunque no se aplicar\u00e1 a todos los usuarios. Quedar\u00e1n exentos quienes pertenezcan a la categor\u00eda <strong>T1R1<\/strong>, los <strong>electrodependientes<\/strong> y los beneficiarios del <strong>RASE<\/strong>.<\/p>\n<p>De esta manera, San Rafael reafirma su compromiso con una pol\u00edtica de prevenci\u00f3n que busca resguardar la producci\u00f3n y el empleo en el sur mendocino, garantizando la continuidad de un sistema que, seg\u00fan sus defensores, ha demostrado su eficacia a lo largo de los a\u00f1os.<\/p>\n","protected":false},"excerpt":{"rendered":"<p>San Rafael renueva su compromiso con la lucha antigranizo: apoyo un\u00e1nime en audiencia p\u00fablica En una jornada considerada hist\u00f3rica para el &#8230;<\/p>\n","protected":false},"author":7,"featured_media":154345,"comment_status":"open","ping_status":"open","sticky":false,"template":"","format":"standard","meta":{"footnotes":""},"categories":[10,197],"tags":[],"class_list":["post-154343","post","type-post","status-publish","format-standard","has-post-thumbnail","hentry","category-destacadas","category-lucha-antigranizo"],"_links":{"self":[{"href":"https:\/\/vinasfm.com\/noticias\/wp-json\/wp\/v2\/posts\/154343","targetHints":{"allow":["GET"]}}],"collection":[{"href":"https:\/\/vinasfm.com\/noticias\/wp-json\/wp\/v2\/posts"}],"about":[{"href":"https:\/\/vinasfm.com\/noticias\/wp-json\/wp\/v2\/types\/post"}],"author":[{"embeddable":true,"href":"https:\/\/vinasfm.com\/noticias\/wp-json\/wp\/v2\/users\/7"}],"replies":[{"embeddable":true,"href":"https:\/\/vinasfm.com\/noticias\/wp-json\/wp\/v2\/comments?post=154343"}],"version-history":[{"count":1,"href":"https:\/\/vinasfm.com\/noticias\/wp-json\/wp\/v2\/posts\/154343\/revisions"}],"predecessor-version":[{"id":154346,"href":"https:\/\/vinasfm.com\/noticias\/wp-json\/wp\/v2\/posts\/154343\/revisions\/154346"}],"wp:featuredmedia":[{"embeddable":true,"href":"https:\/\/vinasfm.com\/noticias\/wp-json\/wp\/v2\/media\/154345"}],"wp:attachment":[{"href":"https:\/\/vinasfm.com\/noticias\/wp-json\/wp\/v2\/media?parent=154343"}],"wp:term":[{"taxonomy":"category","embeddable":true,"href":"https:\/\/vinasfm.com\/noticias\/wp-json\/wp\/v2\/categories?post=154343"},{"taxonomy":"post_tag","embeddable":true,"href":"https:\/\/vinasfm.com\/noticias\/wp-json\/wp\/v2\/tags?post=154343"}],"curies":[{"name":"wp","href":"https:\/\/api.w.org\/{rel}","templated":true}]}}