{"id":154297,"date":"2025-10-28T09:17:44","date_gmt":"2025-10-28T12:17:44","guid":{"rendered":"https:\/\/vinasfm.com\/noticias\/?p=154297"},"modified":"2025-10-29T09:21:21","modified_gmt":"2025-10-29T12:21:21","slug":"el-ies-entrega-obra-de-arte-al-hospital-enfermeros-argentinos-en-el-marco-de-octubre-rosa","status":"publish","type":"post","link":"https:\/\/vinasfm.com\/noticias\/el-ies-entrega-obra-de-arte-al-hospital-enfermeros-argentinos-en-el-marco-de-octubre-rosa\/","title":{"rendered":"EL IES ENTREG\u00d3 UNA OBRA DE ARTE AL HOSPITAL ENFERMEROS ARGENTINOS EN EL MARCO DE OCTUBRE ROSA"},"content":{"rendered":"<h4><span style=\"color: #ff00ff;\"><strong>En la ma\u00f1ana de hoy, el Hospital Enfermeros Argentinos recibi\u00f3 un emotivo gesto de la comunidad educativa: integrantes de la Carrera de Artes Visuales del IES entregaron un cuadro al servicio de Oncolog\u00eda, en el marco de las actividades del mes de Octubre Rosa, campa\u00f1a destinada a la concientizaci\u00f3n sobre la prevenci\u00f3n del c\u00e1ncer de mama.<\/strong><\/span><\/h4>\n<p>El <em>director del hospital<\/em>,<span style=\"color: #003366;\"><strong> Alejandro Torres<\/strong><\/span>, expres\u00f3 su agradecimiento tras recibir la obra: <strong><em>\u201ces hermoso, nos ha sorprendido y estamos muy agradecidos. En este contexto del Octubre Rosa, debemos recordar que el control y la prevenci\u00f3n del c\u00e1ncer de mama no deben limitarse a un solo mes, sino que tienen que ser una pr\u00e1ctica constante durante todo el a\u00f1o. La mamograf\u00eda es un estudio fundamental, ya que permite detectar tumores a tiempo y aumentar las posibilidades de curaci\u00f3n de los pacientes\u201d<\/em><\/strong>, se\u00f1al\u00f3.<\/p>\n<p>Torres destac\u00f3 adem\u00e1s la importancia de mantener un seguimiento preventivo riguroso, comparable al de otros controles de salud, como los electrocardiogramas en ni\u00f1os: <em><strong>\u201cDurante octubre, el hospital realiza entre 60 y 80 mamograf\u00edas por mes, pero este a\u00f1o superamos las 120. La idea es fortalecer estos controles para asegurar una detecci\u00f3n temprana de patolog\u00edas oncol\u00f3gicas\u201d.<\/strong><\/em><\/p>\n<p><a href=\"https:\/\/vinasfm.com\/noticias\/wp-content\/uploads\/2025\/10\/IMG-20251028-WA0015-1.jpg\"><img loading=\"lazy\" decoding=\"async\" class=\"wp-image-154300 aligncenter\" src=\"https:\/\/vinasfm.com\/noticias\/wp-content\/uploads\/2025\/10\/IMG-20251028-WA0015-1-1024x576.jpg\" alt=\"\" width=\"600\" height=\"338\" srcset=\"https:\/\/vinasfm.com\/noticias\/wp-content\/uploads\/2025\/10\/IMG-20251028-WA0015-1-1024x576.jpg 1024w, https:\/\/vinasfm.com\/noticias\/wp-content\/uploads\/2025\/10\/IMG-20251028-WA0015-1-300x169.jpg 300w, https:\/\/vinasfm.com\/noticias\/wp-content\/uploads\/2025\/10\/IMG-20251028-WA0015-1-768x432.jpg 768w, https:\/\/vinasfm.com\/noticias\/wp-content\/uploads\/2025\/10\/IMG-20251028-WA0015-1-1536x864.jpg 1536w, https:\/\/vinasfm.com\/noticias\/wp-content\/uploads\/2025\/10\/IMG-20251028-WA0015-1-1140x641.jpg 1140w, https:\/\/vinasfm.com\/noticias\/wp-content\/uploads\/2025\/10\/IMG-20251028-WA0015-1.jpg 1600w\" sizes=\"auto, (max-width: 600px) 100vw, 600px\" \/><\/a><\/p>\n<p>Por su parte,<span style=\"color: #003366;\"><strong> Gabriela Arzel\u00e1n<\/strong><\/span>, <em>Directora de Familia de la Municipalidad de General Alvear<\/em>, subray\u00f3 el valor de la donaci\u00f3n y del trabajo conjunto con el IES:<em><strong> \u201choy culminamos este Octubre Rosa con la hermosa obra que nos entregan los estudiantes de Artes Visuales, coordinados por la profesora Flavia P\u00e1ez. La obra, titulada Trama de vida, transmite un mensaje de esperanza y confianza en la vida, en la salud y en los profesionales que acompa\u00f1an a quienes enfrentan esta enfermedad. Es un recordatorio de que, a pesar de las adversidades, siempre hay esperanza\u201d.<\/strong><\/em><\/p>\n<p>El doctor <span style=\"color: #003366;\"><strong>Carlos Vega<\/strong><\/span>, <em>a cargo del servicio de Oncolog\u00eda<\/em>, destac\u00f3 la relevancia de la detecci\u00f3n temprana:<em> <strong>\u201cuno de cada ocho mujeres padecer\u00e1 c\u00e1ncer de mama en alg\u00fan momento de su vida. Por eso, el diagn\u00f3stico oportuno y el apoyo constante a las pacientes son fundamentales para la curaci\u00f3n. La mamograf\u00eda anual, acompa\u00f1ada de ecograf\u00edas y controles ginecol\u00f3gicos, es la base para un tratamiento exitoso\u201d.<\/strong><\/em><\/p>\n<p><a href=\"https:\/\/vinasfm.com\/noticias\/wp-content\/uploads\/2025\/10\/IMG-20251028-WA0012-1.jpg\"><img loading=\"lazy\" decoding=\"async\" class=\"wp-image-154298 aligncenter\" src=\"https:\/\/vinasfm.com\/noticias\/wp-content\/uploads\/2025\/10\/IMG-20251028-WA0012-1-1024x576.jpg\" alt=\"\" width=\"600\" height=\"338\" srcset=\"https:\/\/vinasfm.com\/noticias\/wp-content\/uploads\/2025\/10\/IMG-20251028-WA0012-1-1024x576.jpg 1024w, https:\/\/vinasfm.com\/noticias\/wp-content\/uploads\/2025\/10\/IMG-20251028-WA0012-1-300x169.jpg 300w, https:\/\/vinasfm.com\/noticias\/wp-content\/uploads\/2025\/10\/IMG-20251028-WA0012-1-768x432.jpg 768w, https:\/\/vinasfm.com\/noticias\/wp-content\/uploads\/2025\/10\/IMG-20251028-WA0012-1-1536x864.jpg 1536w, https:\/\/vinasfm.com\/noticias\/wp-content\/uploads\/2025\/10\/IMG-20251028-WA0012-1-1140x641.jpg 1140w, https:\/\/vinasfm.com\/noticias\/wp-content\/uploads\/2025\/10\/IMG-20251028-WA0012-1.jpg 1600w\" sizes=\"auto, (max-width: 600px) 100vw, 600px\" \/><\/a><\/p>\n<p>La profesora <strong><span style=\"color: #003366;\">Flavia P\u00e1ez<\/span><\/strong><em>, del IES<\/em>, explic\u00f3 c\u00f3mo surgi\u00f3 la idea del cuadro y su significado: <em><strong>\u201crecibimos la invitaci\u00f3n de la asesor\u00eda de la mujer para participar en Octubre Rosa y decidimos contribuir desde nuestra disciplina: el arte. La obra Trama de vida, que representa a la mujer no como un cuerpo material, sino como la suma de experiencias, emociones y vivencias. En el centro de la composici\u00f3n colocamos la palabra \u2018confiar\u2019, que resume el mensaje que queremos transmitir: confianza en la vida, en los profesionales y en la recuperaci\u00f3n\u201d.<\/strong><\/em><\/p>\n<p>La actividad refleja la importancia de la cooperaci\u00f3n entre instituciones educativas, la comunidad y los servicios de salud, reforzando el mensaje de prevenci\u00f3n y concientizaci\u00f3n durante todo el a\u00f1o, m\u00e1s all\u00e1 del mes de octubre.<\/p>\n","protected":false},"excerpt":{"rendered":"<p>En la ma\u00f1ana de hoy, el Hospital Enfermeros Argentinos recibi\u00f3 un emotivo gesto de la comunidad educativa: integrantes de la Carrera &#8230;<\/p>\n","protected":false},"author":7,"featured_media":154299,"comment_status":"open","ping_status":"open","sticky":false,"template":"","format":"standard","meta":{"footnotes":""},"categories":[5,10],"tags":[],"class_list":["post-154297","post","type-post","status-publish","format-standard","has-post-thumbnail","hentry","category-actualidad","category-destacadas"],"_links":{"self":[{"href":"https:\/\/vinasfm.com\/noticias\/wp-json\/wp\/v2\/posts\/154297","targetHints":{"allow":["GET"]}}],"collection":[{"href":"https:\/\/vinasfm.com\/noticias\/wp-json\/wp\/v2\/posts"}],"about":[{"href":"https:\/\/vinasfm.com\/noticias\/wp-json\/wp\/v2\/types\/post"}],"author":[{"embeddable":true,"href":"https:\/\/vinasfm.com\/noticias\/wp-json\/wp\/v2\/users\/7"}],"replies":[{"embeddable":true,"href":"https:\/\/vinasfm.com\/noticias\/wp-json\/wp\/v2\/comments?post=154297"}],"version-history":[{"count":3,"href":"https:\/\/vinasfm.com\/noticias\/wp-json\/wp\/v2\/posts\/154297\/revisions"}],"predecessor-version":[{"id":154348,"href":"https:\/\/vinasfm.com\/noticias\/wp-json\/wp\/v2\/posts\/154297\/revisions\/154348"}],"wp:featuredmedia":[{"embeddable":true,"href":"https:\/\/vinasfm.com\/noticias\/wp-json\/wp\/v2\/media\/154299"}],"wp:attachment":[{"href":"https:\/\/vinasfm.com\/noticias\/wp-json\/wp\/v2\/media?parent=154297"}],"wp:term":[{"taxonomy":"category","embeddable":true,"href":"https:\/\/vinasfm.com\/noticias\/wp-json\/wp\/v2\/categories?post=154297"},{"taxonomy":"post_tag","embeddable":true,"href":"https:\/\/vinasfm.com\/noticias\/wp-json\/wp\/v2\/tags?post=154297"}],"curies":[{"name":"wp","href":"https:\/\/api.w.org\/{rel}","templated":true}]}}